{"id":186,"date":"2015-03-07T09:13:00","date_gmt":"2015-03-07T08:13:00","guid":{"rendered":"http:\/\/5.45.101.177\/haut-allier\/usagers-transportse\/index.php\/2015\/03\/07\/ligne-du-cevenol-le-guichet-de-la186\/"},"modified":"2015-03-07T09:13:00","modified_gmt":"2015-03-07T08:13:00","slug":"ligne-du-cevenol-le-guichet-de-la186","status":"publish","type":"post","link":"https:\/\/usagers-transports.haut-allier.eu\/index.php\/2015\/03\/07\/ligne-du-cevenol-le-guichet-de-la186\/","title":{"rendered":"Ligne du C\u00e9venol : le guichet de la gare de G\u00e9nolhac sera r\u00e9ouvert !"},"content":{"rendered":"<p>C&rsquo;est une victoire du comit\u00e9 de d\u00e9fense des services publics en hautes C\u00e9vennes ainsi que de tous ceux qui les ont soutenu : apr\u00e8s les discussions en sous-pr\u00e9fecture d&rsquo;Al\u00e8s du 4 mars il a \u00e9t\u00e9 obtenu la r\u00e9ouverture du guichet de la gare de G\u00e9nolhac <em>avant l&rsquo;\u00e9t\u00e9<\/em>. Ceux des gares de Villefort et de la Grand Combe devraient suivre bien que les discussions continuent \u00e0 leurs sujets. La SNCF a quand m\u00eame r\u00e9ussi \u00e0 diviser par 3 son probl\u00e8me, qu&rsquo;elle pourra traiter diff\u00e9remment bien entendu selon la mobilisation&#8230; Diviser pour mieux r\u00e9gner et appliquer quand m\u00eame ses saloperies. La plainte de la SNCF contre le pr\u00e9sident du comit\u00e9 n&rsquo;est pas encore retir\u00e9e.<br \/>\n&nbsp;<br \/>\nLa presse est heureuse, nous aussi :<br \/>\n&nbsp;<br \/>\n <img decoding=\"async\" src=\"IMG\/jpg\/marseille_Egar_20150305.jpg\" alt=\"marseille_Egar_20150305.jpg\" \/><br \/>\n&nbsp;<br \/>\n<img decoding=\"async\" src=\"IMG\/jpg\/genolhac.jpg\" alt=\"genolhac.jpg\" \/><br \/>\n&nbsp;<\/p>\n","protected":false},"excerpt":{"rendered":"<p>C&rsquo;est une victoire du comit\u00e9 de d\u00e9fense des services publics en hautes C\u00e9vennes ainsi que de tous ceux<\/p>\n","protected":false},"author":1,"featured_media":0,"comment_status":"closed","ping_status":"open","sticky":false,"template":"","format":"standard","meta":{"footnotes":""},"categories":[3],"tags":[],"class_list":["post-186","post","type-post","status-publish","format-standard","hentry","category-en-train"],"_links":{"self":[{"href":"https:\/\/usagers-transports.haut-allier.eu\/index.php\/wp-json\/wp\/v2\/posts\/186","targetHints":{"allow":["GET"]}}],"collection":[{"href":"https:\/\/usagers-transports.haut-allier.eu\/index.php\/wp-json\/wp\/v2\/posts"}],"about":[{"href":"https:\/\/usagers-transports.haut-allier.eu\/index.php\/wp-json\/wp\/v2\/types\/post"}],"author":[{"embeddable":true,"href":"https:\/\/usagers-transports.haut-allier.eu\/index.php\/wp-json\/wp\/v2\/users\/1"}],"replies":[{"embeddable":true,"href":"https:\/\/usagers-transports.haut-allier.eu\/index.php\/wp-json\/wp\/v2\/comments?post=186"}],"version-history":[{"count":0,"href":"https:\/\/usagers-transports.haut-allier.eu\/index.php\/wp-json\/wp\/v2\/posts\/186\/revisions"}],"wp:attachment":[{"href":"https:\/\/usagers-transports.haut-allier.eu\/index.php\/wp-json\/wp\/v2\/media?parent=186"}],"wp:term":[{"taxonomy":"category","embeddable":true,"href":"https:\/\/usagers-transports.haut-allier.eu\/index.php\/wp-json\/wp\/v2\/categories?post=186"},{"taxonomy":"post_tag","embeddable":true,"href":"https:\/\/usagers-transports.haut-allier.eu\/index.php\/wp-json\/wp\/v2\/tags?post=186"}],"curies":[{"name":"wp","href":"https:\/\/api.w.org\/{rel}","templated":true}]}}