{"id":187,"date":"2015-03-10T09:20:23","date_gmt":"2015-03-10T08:20:23","guid":{"rendered":"http:\/\/5.45.101.177\/haut-allier\/usagers-transportse\/index.php\/2015\/03\/10\/yes-la-sncf-languedoc-roussillon187\/"},"modified":"2015-03-10T09:20:23","modified_gmt":"2015-03-10T08:20:23","slug":"yes-la-sncf-languedoc-roussillon187","status":"publish","type":"post","link":"https:\/\/usagers-transports.haut-allier.eu\/index.php\/2015\/03\/10\/yes-la-sncf-languedoc-roussillon187\/","title":{"rendered":"Yes ! La SNCF Languedoc Roussillon Championne ! &#8230;des retards et annulations"},"content":{"rendered":"<p>C&rsquo;est une des meilleures, mais il n&rsquo;y a pas qu&rsquo;elle, les chiffres cruels sont tomb\u00e9s:<br \/>\n&nbsp;<br \/>\n<strong>En haut du hit-parade, 2\u00e8me en France pour le pourcentage de trains TER annul\u00e9s avec pr\u00e8s de 4% et 4\u00e8me sur 22 pour les retards avec un taux 11%, la SNCF Languedoc Roussillon figure donc pour une fois parmi l&rsquo;\u00e9lite. <\/strong><br \/>\n&nbsp;<br \/>\nOn parle bien de nos trains du quotidien, ceux dont on se sert pour le boulot et se rendre \u00e0 domicile. Et ce n&rsquo;est pas les op\u00e9rations d&rsquo;enfumage comme la biblioth\u00e8que digitale (traduire sur votre smartphone) \u00e0 bord des trains, \u00e0 co\u00fbt z\u00e9ro pour elle, et dot\u00e9e d&rsquo;un impressionnant choix de 60 livres (60 pas plus, on sait jamais des fois que la lecture donnerait trop d&rsquo;id\u00e9es&#8230;), ou le gadget des pianos en gare, l\u00e0 aussi co\u00fbt z\u00e9ro pour la soci\u00e9t\u00e9 dite ferroviaire, avec de pauvres voyageurs qui jouent dessus, pour attendre le prochain TER non annul\u00e9 ou qui a une demi heure de retard, ou bien, comme en gare d&rsquo;Avignon TGV, ce v\u00e9lo \u00e0 enfourcher pour charger son smartphone, non ce n&rsquo;est pas ces op\u00e9rations de com plus ou moins sympathiques qui vont faire changer le sentiment des usagers.<br \/>\n&nbsp;<br \/>\n<strong>Eux font la part des choses et persistent bien \u00e0 avoir l&rsquo;image d&rsquo;une SNCF incapable. Incapable de faire son m\u00e9tier. <\/strong><br \/>\n&nbsp;<br \/>\nAlors c&rsquo;est vrai il y a pire, avec la r\u00e9gion PACA qui elle bat tout le monde : 18,8\u00a0% de retards et 5,4\u00a0% d&rsquo;annulations sur ces TER. Et pour pratiquer bien souvent Marseille Saint-Charles nous confirmons les gal\u00e8res quotidiennes.<br \/>\n&nbsp;<br \/>\nPour le moment les chiffres de la r\u00e9gion SNCF Auvergne ne nous sont pas parvenus.<\/p>\n","protected":false},"excerpt":{"rendered":"<p>C&rsquo;est une des meilleures, mais il n&rsquo;y a pas qu&rsquo;elle, les chiffres cruels sont tomb\u00e9s: &nbsp; En haut<\/p>\n","protected":false},"author":1,"featured_media":0,"comment_status":"closed","ping_status":"open","sticky":false,"template":"","format":"standard","meta":{"footnotes":""},"categories":[3],"tags":[],"class_list":["post-187","post","type-post","status-publish","format-standard","hentry","category-en-train"],"_links":{"self":[{"href":"https:\/\/usagers-transports.haut-allier.eu\/index.php\/wp-json\/wp\/v2\/posts\/187","targetHints":{"allow":["GET"]}}],"collection":[{"href":"https:\/\/usagers-transports.haut-allier.eu\/index.php\/wp-json\/wp\/v2\/posts"}],"about":[{"href":"https:\/\/usagers-transports.haut-allier.eu\/index.php\/wp-json\/wp\/v2\/types\/post"}],"author":[{"embeddable":true,"href":"https:\/\/usagers-transports.haut-allier.eu\/index.php\/wp-json\/wp\/v2\/users\/1"}],"replies":[{"embeddable":true,"href":"https:\/\/usagers-transports.haut-allier.eu\/index.php\/wp-json\/wp\/v2\/comments?post=187"}],"version-history":[{"count":0,"href":"https:\/\/usagers-transports.haut-allier.eu\/index.php\/wp-json\/wp\/v2\/posts\/187\/revisions"}],"wp:attachment":[{"href":"https:\/\/usagers-transports.haut-allier.eu\/index.php\/wp-json\/wp\/v2\/media?parent=187"}],"wp:term":[{"taxonomy":"category","embeddable":true,"href":"https:\/\/usagers-transports.haut-allier.eu\/index.php\/wp-json\/wp\/v2\/categories?post=187"},{"taxonomy":"post_tag","embeddable":true,"href":"https:\/\/usagers-transports.haut-allier.eu\/index.php\/wp-json\/wp\/v2\/tags?post=187"}],"curies":[{"name":"wp","href":"https:\/\/api.w.org\/{rel}","templated":true}]}}