{"id":188,"date":"2015-03-18T20:33:25","date_gmt":"2015-03-18T19:33:25","guid":{"rendered":"http:\/\/5.45.101.177\/haut-allier\/usagers-transportse\/index.php\/2015\/03\/18\/ligne-du-cevenol-la-circulation188\/"},"modified":"2015-03-18T20:33:25","modified_gmt":"2015-03-18T19:33:25","slug":"ligne-du-cevenol-la-circulation188","status":"publish","type":"post","link":"https:\/\/usagers-transports.haut-allier.eu\/index.php\/2015\/03\/18\/ligne-du-cevenol-la-circulation188\/","title":{"rendered":"Ligne du C\u00e9venol : la circulation des trains reprendra bien le 27 mars"},"content":{"rendered":"<p>Les travaux de remise en \u00e9tat de la voie \u00e0 Chapeauroux se terminent comme pr\u00e9vu, et la r\u00e9ouverture de la ligne est bien annonc\u00e9e pour le 27 mars prochain. T\u00e9moin cette fiche horaire de la SNCF Languedoc Roussillon.<br \/>\n&nbsp;<br \/>\n<img decoding=\"async\" src=\"IMG\/jpg\/Affiche-27Mars2015_ligne_cevenol.jpg\" alt=\"Affiche-27Mars2015_ligne_cevenol.jpg\" align=\"center\" \/><br \/>\n&nbsp;<br \/>\nAvec l&rsquo;aide de l&rsquo;association des usagers de la SNCF du Gard et des d\u00e9partements limitrophes qui  ajoute :<br \/>\n&nbsp;<br \/>\n<strong>On va pouvoir profiter du printemps sur notre si belle ligne des C\u00e9vennes. On appr\u00e9cie d&rsquo;ailleurs les belles photos des spectaculaires viaducs qui d\u00e9corent des pleins murs des espaces d&rsquo;attente en gare de N\u00eemes. Un premier pas certainement vers la reconnaissance de cette ligne.<\/strong><\/p>\n","protected":false},"excerpt":{"rendered":"<p>Les travaux de remise en \u00e9tat de la voie \u00e0 Chapeauroux se terminent comme pr\u00e9vu, et la r\u00e9ouverture<\/p>\n","protected":false},"author":1,"featured_media":0,"comment_status":"closed","ping_status":"open","sticky":false,"template":"","format":"standard","meta":{"footnotes":""},"categories":[3],"tags":[],"class_list":["post-188","post","type-post","status-publish","format-standard","hentry","category-en-train"],"_links":{"self":[{"href":"https:\/\/usagers-transports.haut-allier.eu\/index.php\/wp-json\/wp\/v2\/posts\/188","targetHints":{"allow":["GET"]}}],"collection":[{"href":"https:\/\/usagers-transports.haut-allier.eu\/index.php\/wp-json\/wp\/v2\/posts"}],"about":[{"href":"https:\/\/usagers-transports.haut-allier.eu\/index.php\/wp-json\/wp\/v2\/types\/post"}],"author":[{"embeddable":true,"href":"https:\/\/usagers-transports.haut-allier.eu\/index.php\/wp-json\/wp\/v2\/users\/1"}],"replies":[{"embeddable":true,"href":"https:\/\/usagers-transports.haut-allier.eu\/index.php\/wp-json\/wp\/v2\/comments?post=188"}],"version-history":[{"count":0,"href":"https:\/\/usagers-transports.haut-allier.eu\/index.php\/wp-json\/wp\/v2\/posts\/188\/revisions"}],"wp:attachment":[{"href":"https:\/\/usagers-transports.haut-allier.eu\/index.php\/wp-json\/wp\/v2\/media?parent=188"}],"wp:term":[{"taxonomy":"category","embeddable":true,"href":"https:\/\/usagers-transports.haut-allier.eu\/index.php\/wp-json\/wp\/v2\/categories?post=188"},{"taxonomy":"post_tag","embeddable":true,"href":"https:\/\/usagers-transports.haut-allier.eu\/index.php\/wp-json\/wp\/v2\/tags?post=188"}],"curies":[{"name":"wp","href":"https:\/\/api.w.org\/{rel}","templated":true}]}}