{"id":19,"date":"2010-08-25T10:09:00","date_gmt":"2010-08-25T08:09:00","guid":{"rendered":"http:\/\/5.45.101.177\/haut-allier\/usagers-transportse\/index.php\/2010\/08\/25\/film-le-train-cevenol-passe-par019\/"},"modified":"2010-08-25T10:09:00","modified_gmt":"2010-08-25T08:09:00","slug":"film-le-train-cevenol-passe-par019","status":"publish","type":"post","link":"https:\/\/usagers-transports.haut-allier.eu\/index.php\/2010\/08\/25\/film-le-train-cevenol-passe-par019\/","title":{"rendered":"Film : Le train C\u00e9venol passe par Alleyras"},"content":{"rendered":"<p>G\u00e9rard Varlot a r\u00e9alis\u00e9 et mont\u00e9 ce petit film rempli d&rsquo;archives sur notre train C\u00e9venol (cliquer pour t\u00e9l\u00e9charger &#8211; 28 Mo).<br \/>\n&nbsp;<br \/>\n<a href=\"http:\/\/alleyras.capitale.dulibre.net\/IMG\/avi\/le-cevenol-passe-par-alleyras.avi\">le-cevenol-passe-par-alleyras.avi<\/a><br \/>\n&nbsp;<br \/>\nIl d\u00e9montre par ce documentaire, que vous avez peut-\u00eatre vu projet\u00e9 \u00e0 la f\u00eate du bourg le 8 ao\u00fbt, les liens forts existants entre notre petit pays du haut Allier et cette ligne historique, qui plus est magnifique, et qui pourrait \u00eatre toujours de premier plan si la SNCF faisait son boulot au service des populations et non au service des financiers. Merci \u00e0 G\u00e9rard d&rsquo;avoir mis \u00e0 notre disposition ces images. La vid\u00e9o est aussi disponible en meilleure d\u00e9finition. Demandez la lui : varlot.gerard@wanadoo.fr .  \ud83d\ude42 <\/p>\n","protected":false},"excerpt":{"rendered":"<p>G\u00e9rard Varlot a r\u00e9alis\u00e9 et mont\u00e9 ce petit film rempli d&rsquo;archives sur notre train C\u00e9venol (cliquer pour t\u00e9l\u00e9charger<\/p>\n","protected":false},"author":1,"featured_media":0,"comment_status":"closed","ping_status":"open","sticky":false,"template":"","format":"standard","meta":{"footnotes":""},"categories":[2],"tags":[],"class_list":["post-19","post","type-post","status-publish","format-standard","hentry","category-infos"],"_links":{"self":[{"href":"https:\/\/usagers-transports.haut-allier.eu\/index.php\/wp-json\/wp\/v2\/posts\/19","targetHints":{"allow":["GET"]}}],"collection":[{"href":"https:\/\/usagers-transports.haut-allier.eu\/index.php\/wp-json\/wp\/v2\/posts"}],"about":[{"href":"https:\/\/usagers-transports.haut-allier.eu\/index.php\/wp-json\/wp\/v2\/types\/post"}],"author":[{"embeddable":true,"href":"https:\/\/usagers-transports.haut-allier.eu\/index.php\/wp-json\/wp\/v2\/users\/1"}],"replies":[{"embeddable":true,"href":"https:\/\/usagers-transports.haut-allier.eu\/index.php\/wp-json\/wp\/v2\/comments?post=19"}],"version-history":[{"count":0,"href":"https:\/\/usagers-transports.haut-allier.eu\/index.php\/wp-json\/wp\/v2\/posts\/19\/revisions"}],"wp:attachment":[{"href":"https:\/\/usagers-transports.haut-allier.eu\/index.php\/wp-json\/wp\/v2\/media?parent=19"}],"wp:term":[{"taxonomy":"category","embeddable":true,"href":"https:\/\/usagers-transports.haut-allier.eu\/index.php\/wp-json\/wp\/v2\/categories?post=19"},{"taxonomy":"post_tag","embeddable":true,"href":"https:\/\/usagers-transports.haut-allier.eu\/index.php\/wp-json\/wp\/v2\/tags?post=19"}],"curies":[{"name":"wp","href":"https:\/\/api.w.org\/{rel}","templated":true}]}}