{"id":190,"date":"2015-03-24T06:59:18","date_gmt":"2015-03-24T05:59:18","guid":{"rendered":"http:\/\/5.45.101.177\/haut-allier\/usagers-transportse\/index.php\/2015\/03\/24\/intercite-cevenol-desormais-des190\/"},"modified":"2015-03-24T06:59:18","modified_gmt":"2015-03-24T05:59:18","slug":"intercite-cevenol-desormais-des190","status":"publish","type":"post","link":"https:\/\/usagers-transports.haut-allier.eu\/index.php\/2015\/03\/24\/intercite-cevenol-desormais-des190\/","title":{"rendered":"Intercit\u00e9 C\u00e9venol : d\u00e9sormais des billets promos \u00ab\u00a0Derni\u00e8re Minute\u00a0\u00bb"},"content":{"rendered":"<p>Du 24 mars au 30 mai 2015, SNCF propose pour la premi\u00e8re fois des offres de Derni\u00e8re Minute. Elles  sont r\u00e9serv\u00e9es \u00e0 tous ses clients porteurs de cartes de r\u00e9duction qui d\u00e9cident de voyager au dernier moment jusqu\u2019\u00e0 la veille de leur d\u00e9part.<br \/>\n&nbsp;<br \/>\nA saisir : 600 000 billets TGV et Intercit\u00e9s avec des r\u00e9ductions allant de -40% \u00e0 -50%, vendus exclusivement sur Internet. Ces petits prix sont r\u00e9serv\u00e9s aux titulaires des cartes Enfant+, Jeunes, Senior+ et Week-end.<br \/>\n&nbsp;<br \/>\nLes offres devraient appara\u00eetre pour l&rsquo;Intercit\u00e9 C\u00e9venol sur <a href=\"http:\/\/intercites.voyages-sncf.com\/\">le site Voyages SNCF<\/a>.<br \/>\n&nbsp;<br \/>\nPr\u00e9cisions :<br \/>\n&nbsp;<br \/>\n<img decoding=\"async\" src=\"IMG\/jpg\/offresncf.jpg\" alt=\"offresncf.jpg\" align=\"center\" \/><\/p>\n","protected":false},"excerpt":{"rendered":"<p>Du 24 mars au 30 mai 2015, SNCF propose pour la premi\u00e8re fois des offres de Derni\u00e8re Minute.<\/p>\n","protected":false},"author":1,"featured_media":0,"comment_status":"closed","ping_status":"open","sticky":false,"template":"","format":"standard","meta":{"footnotes":""},"categories":[3],"tags":[],"class_list":["post-190","post","type-post","status-publish","format-standard","hentry","category-en-train"],"_links":{"self":[{"href":"https:\/\/usagers-transports.haut-allier.eu\/index.php\/wp-json\/wp\/v2\/posts\/190","targetHints":{"allow":["GET"]}}],"collection":[{"href":"https:\/\/usagers-transports.haut-allier.eu\/index.php\/wp-json\/wp\/v2\/posts"}],"about":[{"href":"https:\/\/usagers-transports.haut-allier.eu\/index.php\/wp-json\/wp\/v2\/types\/post"}],"author":[{"embeddable":true,"href":"https:\/\/usagers-transports.haut-allier.eu\/index.php\/wp-json\/wp\/v2\/users\/1"}],"replies":[{"embeddable":true,"href":"https:\/\/usagers-transports.haut-allier.eu\/index.php\/wp-json\/wp\/v2\/comments?post=190"}],"version-history":[{"count":0,"href":"https:\/\/usagers-transports.haut-allier.eu\/index.php\/wp-json\/wp\/v2\/posts\/190\/revisions"}],"wp:attachment":[{"href":"https:\/\/usagers-transports.haut-allier.eu\/index.php\/wp-json\/wp\/v2\/media?parent=190"}],"wp:term":[{"taxonomy":"category","embeddable":true,"href":"https:\/\/usagers-transports.haut-allier.eu\/index.php\/wp-json\/wp\/v2\/categories?post=190"},{"taxonomy":"post_tag","embeddable":true,"href":"https:\/\/usagers-transports.haut-allier.eu\/index.php\/wp-json\/wp\/v2\/tags?post=190"}],"curies":[{"name":"wp","href":"https:\/\/api.w.org\/{rel}","templated":true}]}}