{"id":191,"date":"2015-03-24T07:37:16","date_gmt":"2015-03-24T06:37:16","guid":{"rendered":"http:\/\/5.45.101.177\/haut-allier\/usagers-transportse\/index.php\/2015\/03\/24\/ligne-du-train-cevenol-communique191\/"},"modified":"2015-03-24T07:37:16","modified_gmt":"2015-03-24T06:37:16","slug":"ligne-du-train-cevenol-communique191","status":"publish","type":"post","link":"https:\/\/usagers-transports.haut-allier.eu\/index.php\/2015\/03\/24\/ligne-du-train-cevenol-communique191\/","title":{"rendered":"Ligne du train C\u00e9venol : communiqu\u00e9 du Comit\u00e9 de D\u00e9fense des Services Publics et des Usagers dans les Hautes-C\u00e9vennes"},"content":{"rendered":"<p>Deux nouveaux rendez-vous propos\u00e9s par le Comit\u00e9 :<br \/>\n&nbsp;<\/p>\n<p>&#8211; Accueil <em>comme il se doit<\/em> de Guillaume P\u00e9py le 27 mars 2015 \u00e0 Montpellier,<br \/>\n&nbsp;<br \/>\n&#8211; Soir\u00e9e festive et studieuse sous chapiteau le lundi 13 avril \u00e0 G\u00e9nolhac.<br \/>\n&nbsp;<br \/>\n<img decoding=\"async\" src=\"IMG\/jpg\/Invitations.jpg\" alt=\"Invitations.jpg\" align=\"center\" \/><br \/>\n&nbsp;<br \/>\n<em>Info avec le concours d&rsquo;EA.<\/em><\/p>\n","protected":false},"excerpt":{"rendered":"<p>Deux nouveaux rendez-vous propos\u00e9s par le Comit\u00e9 : &nbsp; &#8211; Accueil comme il se doit de Guillaume P\u00e9py<\/p>\n","protected":false},"author":1,"featured_media":0,"comment_status":"closed","ping_status":"open","sticky":false,"template":"","format":"standard","meta":{"footnotes":""},"categories":[3],"tags":[],"class_list":["post-191","post","type-post","status-publish","format-standard","hentry","category-en-train"],"_links":{"self":[{"href":"https:\/\/usagers-transports.haut-allier.eu\/index.php\/wp-json\/wp\/v2\/posts\/191","targetHints":{"allow":["GET"]}}],"collection":[{"href":"https:\/\/usagers-transports.haut-allier.eu\/index.php\/wp-json\/wp\/v2\/posts"}],"about":[{"href":"https:\/\/usagers-transports.haut-allier.eu\/index.php\/wp-json\/wp\/v2\/types\/post"}],"author":[{"embeddable":true,"href":"https:\/\/usagers-transports.haut-allier.eu\/index.php\/wp-json\/wp\/v2\/users\/1"}],"replies":[{"embeddable":true,"href":"https:\/\/usagers-transports.haut-allier.eu\/index.php\/wp-json\/wp\/v2\/comments?post=191"}],"version-history":[{"count":0,"href":"https:\/\/usagers-transports.haut-allier.eu\/index.php\/wp-json\/wp\/v2\/posts\/191\/revisions"}],"wp:attachment":[{"href":"https:\/\/usagers-transports.haut-allier.eu\/index.php\/wp-json\/wp\/v2\/media?parent=191"}],"wp:term":[{"taxonomy":"category","embeddable":true,"href":"https:\/\/usagers-transports.haut-allier.eu\/index.php\/wp-json\/wp\/v2\/categories?post=191"},{"taxonomy":"post_tag","embeddable":true,"href":"https:\/\/usagers-transports.haut-allier.eu\/index.php\/wp-json\/wp\/v2\/tags?post=191"}],"curies":[{"name":"wp","href":"https:\/\/api.w.org\/{rel}","templated":true}]}}