{"id":192,"date":"2015-03-24T09:05:55","date_gmt":"2015-03-24T08:05:55","guid":{"rendered":"http:\/\/5.45.101.177\/haut-allier\/usagers-transportse\/index.php\/2015\/03\/24\/ligne-du-train-cevenol-non-les192\/"},"modified":"2015-03-24T09:05:55","modified_gmt":"2015-03-24T08:05:55","slug":"ligne-du-train-cevenol-non-les192","status":"publish","type":"post","link":"https:\/\/usagers-transports.haut-allier.eu\/index.php\/2015\/03\/24\/ligne-du-train-cevenol-non-les192\/","title":{"rendered":"Ligne du train C\u00e9venol : Non les passagers ne sont pas du b\u00e9tail !"},"content":{"rendered":"<p>La patience des usagers des quelques trains entre la Loz\u00e8re et le Gard est \u00e0 son comble. Les jours d&rsquo;affluence les responsables SNCF sont oblig\u00e9s de refuser des passagers !<br \/>\n&nbsp;<br \/>\nL&rsquo;article de Midi Libre du 24 mars :<br \/>\n&nbsp;<br \/>\n<img decoding=\"async\" src=\"IMG\/jpg\/Grogne_-_Trains_Ales-Lozere_Non_les_passagers_ne_sont_pas_du_betail_ML_1_.jpg\" alt=\"Grogne_-_Trains_Ales-Lozere_Non_les_passagers_ne_sont_pas_du_betail_ML_1_.jpg\" align=\"center\" \/><br \/>\n&nbsp;<br \/>\n<strong>Malheureusement dans les trains TER ce sont les r\u00e9gions Languedoc Rousssillon et Auvergne qui fournissent les rames de trains et la SNCF s&rsquo;en accommode. Mais elle a quand m\u00eame une certaine latitude d&rsquo;organisation, t\u00e9moins les TER Auvergne qui circulent pour d\u00e9panner sur les lignes strictement Languedoc Roussillon. Qu&rsquo;attend-elle pour faire son m\u00e9tier et doubler au moins les rames certains jours ? <\/strong> <\/p>\n","protected":false},"excerpt":{"rendered":"<p>La patience des usagers des quelques trains entre la Loz\u00e8re et le Gard est \u00e0 son comble. Les<\/p>\n","protected":false},"author":1,"featured_media":0,"comment_status":"closed","ping_status":"open","sticky":false,"template":"","format":"standard","meta":{"footnotes":""},"categories":[3],"tags":[],"class_list":["post-192","post","type-post","status-publish","format-standard","hentry","category-en-train"],"_links":{"self":[{"href":"https:\/\/usagers-transports.haut-allier.eu\/index.php\/wp-json\/wp\/v2\/posts\/192","targetHints":{"allow":["GET"]}}],"collection":[{"href":"https:\/\/usagers-transports.haut-allier.eu\/index.php\/wp-json\/wp\/v2\/posts"}],"about":[{"href":"https:\/\/usagers-transports.haut-allier.eu\/index.php\/wp-json\/wp\/v2\/types\/post"}],"author":[{"embeddable":true,"href":"https:\/\/usagers-transports.haut-allier.eu\/index.php\/wp-json\/wp\/v2\/users\/1"}],"replies":[{"embeddable":true,"href":"https:\/\/usagers-transports.haut-allier.eu\/index.php\/wp-json\/wp\/v2\/comments?post=192"}],"version-history":[{"count":0,"href":"https:\/\/usagers-transports.haut-allier.eu\/index.php\/wp-json\/wp\/v2\/posts\/192\/revisions"}],"wp:attachment":[{"href":"https:\/\/usagers-transports.haut-allier.eu\/index.php\/wp-json\/wp\/v2\/media?parent=192"}],"wp:term":[{"taxonomy":"category","embeddable":true,"href":"https:\/\/usagers-transports.haut-allier.eu\/index.php\/wp-json\/wp\/v2\/categories?post=192"},{"taxonomy":"post_tag","embeddable":true,"href":"https:\/\/usagers-transports.haut-allier.eu\/index.php\/wp-json\/wp\/v2\/tags?post=192"}],"curies":[{"name":"wp","href":"https:\/\/api.w.org\/{rel}","templated":true}]}}