{"id":193,"date":"2015-03-24T09:58:30","date_gmt":"2015-03-24T08:58:30","guid":{"rendered":"http:\/\/5.45.101.177\/haut-allier\/usagers-transportse\/index.php\/2015\/03\/24\/lignes-tet-beziers-neussargues-et193\/"},"modified":"2015-03-24T09:58:30","modified_gmt":"2015-03-24T08:58:30","slug":"lignes-tet-beziers-neussargues-et193","status":"publish","type":"post","link":"https:\/\/usagers-transports.haut-allier.eu\/index.php\/2015\/03\/24\/lignes-tet-beziers-neussargues-et193\/","title":{"rendered":"Lignes TET B\u00e9ziers Neussargues et du C\u00e9venol : Mende et Saint-Ch\u00e9ly d&rsquo;Apcher unanimes"},"content":{"rendered":"<p>Les conseils municipaux de Mende (48) et Saint-Ch\u00e9ly d&rsquo;Apcher (48) viennent de voter une motion \u00e0 l&rsquo;unanimit\u00e9 pour le maintien des lignes de trains Aubrac \/ B\u00e9ziers &#8211; Neussargues &#8211; Clermont Ferrand et du C\u00e9venol.<br \/>\n&nbsp;<br \/>\nRappelons que si ce que l&rsquo;on entend est rassurant pour la ligne du train C\u00e9venol jusqu&rsquo;en 2020, il n&rsquo;en est pas de m\u00eame pour celle qui court de B\u00e9ziers \u00e0 Clermont Ferrand que la SNCF veut fermer fin 2015. Oui vous lisez bien.<br \/>\n&nbsp;<br \/>\nL&rsquo;article de Midi Libre Loz\u00e8re :<br \/>\n&nbsp;<br \/>\n<img decoding=\"async\" src=\"IMG\/jpg\/P0017001.jpg\" alt=\"P0017001.jpg\" align=\"center\" \/><br \/>\n&nbsp;<br \/>\nL&rsquo;article de la Loz\u00e8re Nouvelle :<br \/>\n&nbsp;<br \/>\n<img decoding=\"async\" src=\"IMG\/jpg\/3813290.jpg\" alt=\"3813290.jpg\" align=\"center\" \/><br \/>\n&nbsp;<br \/>\nMerci \u00e0 l&rsquo;Association des usagers SNCF du Gard pour sa vigilance.<\/p>\n","protected":false},"excerpt":{"rendered":"<p>Les conseils municipaux de Mende (48) et Saint-Ch\u00e9ly d&rsquo;Apcher (48) viennent de voter une motion \u00e0 l&rsquo;unanimit\u00e9 pour<\/p>\n","protected":false},"author":1,"featured_media":0,"comment_status":"closed","ping_status":"open","sticky":false,"template":"","format":"standard","meta":{"footnotes":""},"categories":[3],"tags":[],"class_list":["post-193","post","type-post","status-publish","format-standard","hentry","category-en-train"],"_links":{"self":[{"href":"https:\/\/usagers-transports.haut-allier.eu\/index.php\/wp-json\/wp\/v2\/posts\/193","targetHints":{"allow":["GET"]}}],"collection":[{"href":"https:\/\/usagers-transports.haut-allier.eu\/index.php\/wp-json\/wp\/v2\/posts"}],"about":[{"href":"https:\/\/usagers-transports.haut-allier.eu\/index.php\/wp-json\/wp\/v2\/types\/post"}],"author":[{"embeddable":true,"href":"https:\/\/usagers-transports.haut-allier.eu\/index.php\/wp-json\/wp\/v2\/users\/1"}],"replies":[{"embeddable":true,"href":"https:\/\/usagers-transports.haut-allier.eu\/index.php\/wp-json\/wp\/v2\/comments?post=193"}],"version-history":[{"count":0,"href":"https:\/\/usagers-transports.haut-allier.eu\/index.php\/wp-json\/wp\/v2\/posts\/193\/revisions"}],"wp:attachment":[{"href":"https:\/\/usagers-transports.haut-allier.eu\/index.php\/wp-json\/wp\/v2\/media?parent=193"}],"wp:term":[{"taxonomy":"category","embeddable":true,"href":"https:\/\/usagers-transports.haut-allier.eu\/index.php\/wp-json\/wp\/v2\/categories?post=193"},{"taxonomy":"post_tag","embeddable":true,"href":"https:\/\/usagers-transports.haut-allier.eu\/index.php\/wp-json\/wp\/v2\/tags?post=193"}],"curies":[{"name":"wp","href":"https:\/\/api.w.org\/{rel}","templated":true}]}}