{"id":194,"date":"2015-03-25T10:07:41","date_gmt":"2015-03-25T09:07:41","guid":{"rendered":"http:\/\/5.45.101.177\/haut-allier\/usagers-transportse\/index.php\/2015\/03\/25\/consultation-de-la-commission-sur194\/"},"modified":"2015-03-25T10:07:41","modified_gmt":"2015-03-25T09:07:41","slug":"consultation-de-la-commission-sur194","status":"publish","type":"post","link":"https:\/\/usagers-transports.haut-allier.eu\/index.php\/2015\/03\/25\/consultation-de-la-commission-sur194\/","title":{"rendered":"Consultation de la commission sur les trains TET : prenez un peu de temps pour r\u00e9pondre !"},"content":{"rendered":"<p>Pour la survie du massif central, pour vous, pour les lignes ferroviaires de l&rsquo;Aubrac et du C\u00e9venol, pour la Lyon Limoges Bordeaux, merci \u00e0 toutes et tous de prendre le temps de r\u00e9pondre au questionnaire officiel sur les Trains d&rsquo;Equilibre du Territoire mis en place par la commission des TET. Il faut atteindre une masse critique de r\u00e9ponses allant dans le m\u00eame sens.<br \/>\n&nbsp;<br \/>\nC&rsquo;est ici : <a href=\"http:\/\/enqueteur.dgitm.developpement-durable.gouv.fr\/index.php?sid=54124&#038;lang=fr\">Consultation du public sur l&rsquo;avenir des Trains d&rsquo;Equilibre du Territoire (TET)<\/a><br \/>\n&nbsp;<br \/>\nN&rsquo;h\u00e9sitez pas \u00e0 dire ce que vous pensez de la gestion de ces lignes par l&rsquo;\u00e9tat et la SNCF.<br \/>\n&nbsp;<\/p>\n<p><em>Argumentaire :<\/em><br \/>\n&nbsp;<\/p>\n<p><strong>C&rsquo;est trop cher : L&rsquo;\u00e9tat et ses responsables actuels voudraient se d\u00e9sengager parce que ces lignes sont \u00e9tablies d\u00e9ficitaires. <\/strong><br \/>\n&nbsp;<br \/>\n&#8211; Mais le transport est un service public et donc un d\u00fb \u00e0 tous les citoyens !<br \/>\n&#8211; Mais l&rsquo;\u00e9tat n&rsquo;est pas un groupe financier capitalisant pour des actionnaires ! Il se doit de r\u00e9\u00e9quilibrer les moyens des zones denses vers les autres !<br \/>\n&#8211; Mais c&rsquo;est le devoir de l&rsquo;\u00e9tat d&rsquo;\u00e9tablir un service de transports efficace sur tous ses territoires ! Et quelque soit la densit\u00e9 de population ! Sinon \u00e0 quoi sert-il ?<br \/>\n&#8211; Mais le d\u00e9sint\u00e9r\u00eat et l&rsquo;absence de promotion pour ces lignes affich\u00e9 par la SNCF depuis plusieurs ann\u00e9es n&rsquo;est-il pas la cause premi\u00e8re de leur d\u00e9saffection ?<br \/>\n&#8211; Mais le non entretien par la SNCF de son r\u00e9seau de lignes dites secondaires n&rsquo;est-il pas la cause d&rsquo;un service aux usagers qui se d\u00e9grade au fil du temps ?<br \/>\n&nbsp;<\/p>\n<p><strong>C&rsquo;est des bouseux : L&rsquo;\u00e9tat et ses responsables actuels abandonnent les zones rurales.<\/strong><br \/>\n&nbsp;<br \/>\n&#8211; Il veut donc encore grossir les m\u00e9tropolettes et les agglop\u00f4les ?<br \/>\n&#8211; Il veut donc acc\u00e9l\u00e9rer la d\u00e9sertification des campagnes ? (En bonne voie d&rsquo;ailleurs, sa complicit\u00e9 est efficace !)<br \/>\n&#8211; Il veut donc laisser les zones rurales \u00e0 l&rsquo;agriculture intensive et faire raser monts et vall\u00e9es pour laisser encore plus de production aux partisans de l&rsquo;agro bizness \u00e0 deux balles ?<br \/>\n&#8211; Il veut pouvoir continuer \u00e0 se moquer des bouseux ? (Sauf en p\u00e9riode \u00e9lectorale o\u00f9 l\u00e0 toutes les voix sont bonnes, et o\u00f9 on leur promet de la t\u00e9l\u00e9phonie mobile 3G en zones blanches et des centaines de kilom\u00e8tres d&rsquo;autoroutes pour y arriver plus vite l&rsquo;\u00e9t\u00e9 pour des vacances encore plus nature).<br \/>\n&nbsp;<\/p>\n<p><strong>Ils ont les moyens : L&rsquo;\u00e9tat sous entend qu&rsquo;habiter encore dans les territoires moins peupl\u00e9s est un luxe<\/strong><br \/>\n&nbsp;<\/p>\n<p>&#8211; C&rsquo;est donc la panac\u00e9e pour l&rsquo;humanit\u00e9 et ses futurs habitants d&rsquo;\u00e9voluer dans un air compl\u00e8tement pollu\u00e9 ?<br \/>\n&#8211; Il faut donc obligatoirement passer deux heures dans les transports tous les jours pour se rendre sur le lieu de son travail ?<br \/>\n&#8211; Il est donc imp\u00e9ratif de placer la moiti\u00e9 d&rsquo;un salaire pour se loger ?<br \/>\n&nbsp;<\/p>\n<p>Etc.<br \/>\n&nbsp;<\/p>\n<p><strong>Et il est donc normal pour l&rsquo;\u00e9tat que les habitants du massif central et des zones rurales polluent la plan\u00e8te avec leur v\u00e9hicule personnel s&rsquo;ils veulent continuer \u00e0 vivre normalement en zone rurale,<br \/>\n&nbsp;<br \/>\n&#8211; pour poster un courrier<br \/>\n&#8211; pour voir un m\u00e9decin<br \/>\n&#8211; pour prendre le TGV le plus proche (souvent \u00e0 plus de 200 kms)<br \/>\n&#8211; pour faire ses divers achats<br \/>\n&#8211; pour faire certaines d\u00e9marches administratives obligatoires.<br \/>\n<\/strong><\/p>\n","protected":false},"excerpt":{"rendered":"<p>Pour la survie du massif central, pour vous, pour les lignes ferroviaires de l&rsquo;Aubrac et du C\u00e9venol, pour<\/p>\n","protected":false},"author":1,"featured_media":0,"comment_status":"closed","ping_status":"open","sticky":false,"template":"","format":"standard","meta":{"footnotes":""},"categories":[3],"tags":[],"class_list":["post-194","post","type-post","status-publish","format-standard","hentry","category-en-train"],"_links":{"self":[{"href":"https:\/\/usagers-transports.haut-allier.eu\/index.php\/wp-json\/wp\/v2\/posts\/194","targetHints":{"allow":["GET"]}}],"collection":[{"href":"https:\/\/usagers-transports.haut-allier.eu\/index.php\/wp-json\/wp\/v2\/posts"}],"about":[{"href":"https:\/\/usagers-transports.haut-allier.eu\/index.php\/wp-json\/wp\/v2\/types\/post"}],"author":[{"embeddable":true,"href":"https:\/\/usagers-transports.haut-allier.eu\/index.php\/wp-json\/wp\/v2\/users\/1"}],"replies":[{"embeddable":true,"href":"https:\/\/usagers-transports.haut-allier.eu\/index.php\/wp-json\/wp\/v2\/comments?post=194"}],"version-history":[{"count":0,"href":"https:\/\/usagers-transports.haut-allier.eu\/index.php\/wp-json\/wp\/v2\/posts\/194\/revisions"}],"wp:attachment":[{"href":"https:\/\/usagers-transports.haut-allier.eu\/index.php\/wp-json\/wp\/v2\/media?parent=194"}],"wp:term":[{"taxonomy":"category","embeddable":true,"href":"https:\/\/usagers-transports.haut-allier.eu\/index.php\/wp-json\/wp\/v2\/categories?post=194"},{"taxonomy":"post_tag","embeddable":true,"href":"https:\/\/usagers-transports.haut-allier.eu\/index.php\/wp-json\/wp\/v2\/tags?post=194"}],"curies":[{"name":"wp","href":"https:\/\/api.w.org\/{rel}","templated":true}]}}