{"id":195,"date":"2015-03-26T06:30:19","date_gmt":"2015-03-26T05:30:19","guid":{"rendered":"http:\/\/5.45.101.177\/haut-allier\/usagers-transportse\/index.php\/2015\/03\/26\/ligne-du-train-cevenol-horaires195\/"},"modified":"2015-03-26T06:30:19","modified_gmt":"2015-03-26T05:30:19","slug":"ligne-du-train-cevenol-horaires195","status":"publish","type":"post","link":"https:\/\/usagers-transports.haut-allier.eu\/index.php\/2015\/03\/26\/ligne-du-train-cevenol-horaires195\/","title":{"rendered":"Ligne du train C\u00e9venol : horaires pendant la gr\u00e8ve du 27 mars"},"content":{"rendered":"<p>Et donc voici la liste des circulations pr\u00e9vue :<br \/>\n&nbsp;<br \/>\n<img decoding=\"async\" src=\"IMG\/jpg\/cle_ni_du27_03_Mode_de_compatibilite__tcm52-24019_tcm52-29997.jpg\" alt=\"cle_ni_du27_03_Mode_de_compatibilite__tcm52-24019_tcm52-29997.jpg\" align=\"center\" \/><br \/>\n&nbsp;<br \/>\n<a href=\"IMG\/pdf\/cle_ni_du27_03_Mode_de_compatibilite__tcm52-24019_tcm52-29997.pdf\">cle_ni_du27_03_Mode_de_compatibilite__tcm52-24019_tcm52-29997.pdf<\/a><br \/>\n&nbsp;<br \/>\nReprise du trafic normal d\u00e8s le lendemain samedi.<\/p>\n","protected":false},"excerpt":{"rendered":"<p>Et donc voici la liste des circulations pr\u00e9vue : &nbsp; &nbsp; cle_ni_du27_03_Mode_de_compatibilite__tcm52-24019_tcm52-29997.pdf &nbsp; Reprise du trafic normal d\u00e8s<\/p>\n","protected":false},"author":1,"featured_media":0,"comment_status":"closed","ping_status":"open","sticky":false,"template":"","format":"standard","meta":{"footnotes":""},"categories":[3],"tags":[],"class_list":["post-195","post","type-post","status-publish","format-standard","hentry","category-en-train"],"_links":{"self":[{"href":"https:\/\/usagers-transports.haut-allier.eu\/index.php\/wp-json\/wp\/v2\/posts\/195","targetHints":{"allow":["GET"]}}],"collection":[{"href":"https:\/\/usagers-transports.haut-allier.eu\/index.php\/wp-json\/wp\/v2\/posts"}],"about":[{"href":"https:\/\/usagers-transports.haut-allier.eu\/index.php\/wp-json\/wp\/v2\/types\/post"}],"author":[{"embeddable":true,"href":"https:\/\/usagers-transports.haut-allier.eu\/index.php\/wp-json\/wp\/v2\/users\/1"}],"replies":[{"embeddable":true,"href":"https:\/\/usagers-transports.haut-allier.eu\/index.php\/wp-json\/wp\/v2\/comments?post=195"}],"version-history":[{"count":0,"href":"https:\/\/usagers-transports.haut-allier.eu\/index.php\/wp-json\/wp\/v2\/posts\/195\/revisions"}],"wp:attachment":[{"href":"https:\/\/usagers-transports.haut-allier.eu\/index.php\/wp-json\/wp\/v2\/media?parent=195"}],"wp:term":[{"taxonomy":"category","embeddable":true,"href":"https:\/\/usagers-transports.haut-allier.eu\/index.php\/wp-json\/wp\/v2\/categories?post=195"},{"taxonomy":"post_tag","embeddable":true,"href":"https:\/\/usagers-transports.haut-allier.eu\/index.php\/wp-json\/wp\/v2\/tags?post=195"}],"curies":[{"name":"wp","href":"https:\/\/api.w.org\/{rel}","templated":true}]}}