{"id":196,"date":"2015-03-27T19:18:36","date_gmt":"2015-03-27T18:18:36","guid":{"rendered":"http:\/\/5.45.101.177\/haut-allier\/usagers-transportse\/index.php\/2015\/03\/27\/pepy-le-president-de-la-sncf-a196\/"},"modified":"2015-03-27T19:18:36","modified_gmt":"2015-03-27T18:18:36","slug":"pepy-le-president-de-la-sncf-a196","status":"publish","type":"post","link":"https:\/\/usagers-transports.haut-allier.eu\/index.php\/2015\/03\/27\/pepy-le-president-de-la-sncf-a196\/","title":{"rendered":"P\u00e9py, le pr\u00e9sident de la SNCF \u00e0 Montpellier : une r\u00e9ception \u00ab\u00a0Comme il se doit\u00a0\u00bb"},"content":{"rendered":"<p>En visite ce vendredi 27 mars \u00e0 Montpellier pour inaugurer de ci de l\u00e0, G. P\u00e9py fut soumis \u00e0 la pression cheminote&#8230; mais pas que ! Les usagers aussi \u00e9taient l\u00e0. Et tous ont cri\u00e9 tout le bien qu&rsquo;ils pensaient de la gestion calamiteuse de la soci\u00e9t\u00e9 dite ferroviaire, du r\u00e9seau et des services au public par son immuable pr\u00e9sident.<br \/>\n&nbsp;<br \/>\nL&rsquo;article de l&rsquo;H\u00e9rault du Jour \/ La Marseillaise :<br \/>\n&nbsp;<br \/>\n<img decoding=\"async\" src=\"IMG\/png\/D_abord_reticent__Pepy_a_finalement_rencontre_les_cheminots_-_Journal_La_Marseillaise_-_2015-03-27_19-56-19.png\" alt=\"D_abord_reticent__Pepy_a_finalement_rencontre_les_cheminots_-_Journal_La_Marseillaise_-_2015-03-27_19-56-19.png\" align=\"center\" \/><\/p>\n","protected":false},"excerpt":{"rendered":"<p>En visite ce vendredi 27 mars \u00e0 Montpellier pour inaugurer de ci de l\u00e0, G. P\u00e9py fut soumis<\/p>\n","protected":false},"author":1,"featured_media":0,"comment_status":"closed","ping_status":"open","sticky":false,"template":"","format":"standard","meta":{"footnotes":""},"categories":[3],"tags":[],"class_list":["post-196","post","type-post","status-publish","format-standard","hentry","category-en-train"],"_links":{"self":[{"href":"https:\/\/usagers-transports.haut-allier.eu\/index.php\/wp-json\/wp\/v2\/posts\/196","targetHints":{"allow":["GET"]}}],"collection":[{"href":"https:\/\/usagers-transports.haut-allier.eu\/index.php\/wp-json\/wp\/v2\/posts"}],"about":[{"href":"https:\/\/usagers-transports.haut-allier.eu\/index.php\/wp-json\/wp\/v2\/types\/post"}],"author":[{"embeddable":true,"href":"https:\/\/usagers-transports.haut-allier.eu\/index.php\/wp-json\/wp\/v2\/users\/1"}],"replies":[{"embeddable":true,"href":"https:\/\/usagers-transports.haut-allier.eu\/index.php\/wp-json\/wp\/v2\/comments?post=196"}],"version-history":[{"count":0,"href":"https:\/\/usagers-transports.haut-allier.eu\/index.php\/wp-json\/wp\/v2\/posts\/196\/revisions"}],"wp:attachment":[{"href":"https:\/\/usagers-transports.haut-allier.eu\/index.php\/wp-json\/wp\/v2\/media?parent=196"}],"wp:term":[{"taxonomy":"category","embeddable":true,"href":"https:\/\/usagers-transports.haut-allier.eu\/index.php\/wp-json\/wp\/v2\/categories?post=196"},{"taxonomy":"post_tag","embeddable":true,"href":"https:\/\/usagers-transports.haut-allier.eu\/index.php\/wp-json\/wp\/v2\/tags?post=196"}],"curies":[{"name":"wp","href":"https:\/\/api.w.org\/{rel}","templated":true}]}}