{"id":197,"date":"2015-03-28T05:28:38","date_gmt":"2015-03-28T04:28:38","guid":{"rendered":"http:\/\/5.45.101.177\/haut-allier\/usagers-transportse\/index.php\/2015\/03\/28\/ligne-du-train-cevenol-le-retour197\/"},"modified":"2015-03-28T05:28:38","modified_gmt":"2015-03-28T04:28:38","slug":"ligne-du-train-cevenol-le-retour197","status":"publish","type":"post","link":"https:\/\/usagers-transports.haut-allier.eu\/index.php\/2015\/03\/28\/ligne-du-train-cevenol-le-retour197\/","title":{"rendered":"Ligne du train C\u00e9venol : le retour du fret a bien eu lieu"},"content":{"rendered":"<p>C&rsquo;est avec une certaine \u00e9motion, voire une larmette, que nous p\u00fbmes apercevoir hier le train grumier venant de Langeac et se dirigeant sur Tarascon sur Rh\u00f4ne circuler sur la ligne des C\u00e9vennes. On constatera que les wagons endommag\u00e9s par le d\u00e9raillement \u00e0 Chapeauroux ont \u00e9t\u00e9 remplac\u00e9s par des wagons \u00e0 plateaux.<br \/>\n&nbsp;<br \/>\n<img decoding=\"async\" src=\"IMG\/jpg\/20150327_160917_1_.jpg\" alt=\"20150327_160917_1_.jpg\" align=\"center\" \/><br \/>\n<em>Le passage \u00e0 Pont d&rsquo;Alleyras sous un beau soleil.<\/em><br \/>\n&nbsp;<br \/>\nIl ne reste plus \u00e0 faire circuler que les trains voyageurs qui eux \u00e9taient affect\u00e9s par la gr\u00e8ve SNCF.<\/p>\n","protected":false},"excerpt":{"rendered":"<p>C&rsquo;est avec une certaine \u00e9motion, voire une larmette, que nous p\u00fbmes apercevoir hier le train grumier venant de<\/p>\n","protected":false},"author":1,"featured_media":0,"comment_status":"closed","ping_status":"open","sticky":false,"template":"","format":"standard","meta":{"footnotes":""},"categories":[3],"tags":[],"class_list":["post-197","post","type-post","status-publish","format-standard","hentry","category-en-train"],"_links":{"self":[{"href":"https:\/\/usagers-transports.haut-allier.eu\/index.php\/wp-json\/wp\/v2\/posts\/197","targetHints":{"allow":["GET"]}}],"collection":[{"href":"https:\/\/usagers-transports.haut-allier.eu\/index.php\/wp-json\/wp\/v2\/posts"}],"about":[{"href":"https:\/\/usagers-transports.haut-allier.eu\/index.php\/wp-json\/wp\/v2\/types\/post"}],"author":[{"embeddable":true,"href":"https:\/\/usagers-transports.haut-allier.eu\/index.php\/wp-json\/wp\/v2\/users\/1"}],"replies":[{"embeddable":true,"href":"https:\/\/usagers-transports.haut-allier.eu\/index.php\/wp-json\/wp\/v2\/comments?post=197"}],"version-history":[{"count":0,"href":"https:\/\/usagers-transports.haut-allier.eu\/index.php\/wp-json\/wp\/v2\/posts\/197\/revisions"}],"wp:attachment":[{"href":"https:\/\/usagers-transports.haut-allier.eu\/index.php\/wp-json\/wp\/v2\/media?parent=197"}],"wp:term":[{"taxonomy":"category","embeddable":true,"href":"https:\/\/usagers-transports.haut-allier.eu\/index.php\/wp-json\/wp\/v2\/categories?post=197"},{"taxonomy":"post_tag","embeddable":true,"href":"https:\/\/usagers-transports.haut-allier.eu\/index.php\/wp-json\/wp\/v2\/tags?post=197"}],"curies":[{"name":"wp","href":"https:\/\/api.w.org\/{rel}","templated":true}]}}