{"id":198,"date":"2015-03-28T16:31:32","date_gmt":"2015-03-28T15:31:32","guid":{"rendered":"http:\/\/5.45.101.177\/haut-allier\/usagers-transportse\/index.php\/2015\/03\/28\/trains-dans-le-massif-central-et198\/"},"modified":"2015-03-28T16:31:32","modified_gmt":"2015-03-28T15:31:32","slug":"trains-dans-le-massif-central-et198","status":"publish","type":"post","link":"https:\/\/usagers-transports.haut-allier.eu\/index.php\/2015\/03\/28\/trains-dans-le-massif-central-et198\/","title":{"rendered":"Trains dans le Massif Central et train C\u00e9venol : c&rsquo;est fini !"},"content":{"rendered":"<p>Des infos dramatiques pour les lignes du massif en Auvergne, Midi Pyr\u00e9n\u00e9es, Limousin, Rh\u00f4ne-Alpes et Languedoc-Roussillon nous sont parvenues. Les annonces suivantes ont \u00e9t\u00e9 faites en interne ce 27 mars par le directeur de l&rsquo;unit\u00e9 fret du Massif central :<br \/>\n&nbsp;<br \/>\n&#8211; <strong>Suppression <em>en septembre de cette ann\u00e9e<\/em> du train Intercit\u00e9s TET Aubrac B\u00e9ziers &#8211; Neussargues &#8211; Clermont.<\/strong><br \/>\n&#8211; <strong>Abandon du transport de marchandises (fret) dans le Massif central.<\/strong><br \/>\n&#8211; <strong>Abandon de l&rsquo;Etat de la gestion du train Intercit\u00e9s TET Le C\u00e9venol et remplacement par un TER Auvergne <em>en d\u00e9cembre 2015<\/em>. Et donc d\u00e9classement de la ligne Clermont &#8211; N\u00eemes. <\/strong><br \/>\n&#8211;  <strong>Cr\u00e9ation d&rsquo;un noeud d&rsquo;\u00e9changes d&rsquo;autobus Loi Macron \u00e0 Clermont Ferrand. La cerise sur le g\u00e2teau. <\/strong><br \/>\n&nbsp;<\/p>\n<p>Ainsi ce que voulait faire mais n&rsquo;a pu mener \u00e0 bien l&rsquo;UMP bien \u00e0 droite et capitaliste Sarkozy aura \u00e9t\u00e9 mis en pratique par un gouvernement dit de gauche.<br \/>\n&nbsp;<br \/>\n<strong>Aussi Grand Merci Messieurs les socialistes ! Les Hollande, Valls, Macron. Enrichis des bons conseils du pr\u00e9sident de la SNCF Guillaume P\u00e9py qui de d\u00e9clarations mensong\u00e8res en d\u00e9clarations mensong\u00e8res sera arriv\u00e9 \u00e0 ses fins.<\/strong><br \/>\n&nbsp;<br \/>\nCela porte un nom :<br \/>\n&nbsp;<br \/>\n<strong>La TRAITRISE<\/strong><br \/>\n&nbsp;<br \/>\n<img decoding=\"async\" src=\"IMG\/png\/pepmac.png\" alt=\"pepmac.png\" align=\"center\" \/><\/p>\n","protected":false},"excerpt":{"rendered":"<p>Des infos dramatiques pour les lignes du massif en Auvergne, Midi Pyr\u00e9n\u00e9es, Limousin, Rh\u00f4ne-Alpes et Languedoc-Roussillon nous sont<\/p>\n","protected":false},"author":1,"featured_media":0,"comment_status":"closed","ping_status":"open","sticky":false,"template":"","format":"standard","meta":{"footnotes":""},"categories":[3],"tags":[],"class_list":["post-198","post","type-post","status-publish","format-standard","hentry","category-en-train"],"_links":{"self":[{"href":"https:\/\/usagers-transports.haut-allier.eu\/index.php\/wp-json\/wp\/v2\/posts\/198","targetHints":{"allow":["GET"]}}],"collection":[{"href":"https:\/\/usagers-transports.haut-allier.eu\/index.php\/wp-json\/wp\/v2\/posts"}],"about":[{"href":"https:\/\/usagers-transports.haut-allier.eu\/index.php\/wp-json\/wp\/v2\/types\/post"}],"author":[{"embeddable":true,"href":"https:\/\/usagers-transports.haut-allier.eu\/index.php\/wp-json\/wp\/v2\/users\/1"}],"replies":[{"embeddable":true,"href":"https:\/\/usagers-transports.haut-allier.eu\/index.php\/wp-json\/wp\/v2\/comments?post=198"}],"version-history":[{"count":0,"href":"https:\/\/usagers-transports.haut-allier.eu\/index.php\/wp-json\/wp\/v2\/posts\/198\/revisions"}],"wp:attachment":[{"href":"https:\/\/usagers-transports.haut-allier.eu\/index.php\/wp-json\/wp\/v2\/media?parent=198"}],"wp:term":[{"taxonomy":"category","embeddable":true,"href":"https:\/\/usagers-transports.haut-allier.eu\/index.php\/wp-json\/wp\/v2\/categories?post=198"},{"taxonomy":"post_tag","embeddable":true,"href":"https:\/\/usagers-transports.haut-allier.eu\/index.php\/wp-json\/wp\/v2\/tags?post=198"}],"curies":[{"name":"wp","href":"https:\/\/api.w.org\/{rel}","templated":true}]}}