{"id":2,"date":"2012-07-30T18:33:04","date_gmt":"2012-07-30T16:33:04","guid":{"rendered":"http:\/\/5.45.101.177\/haut-allier\/usagers-transportse\/index.php\/2012\/07\/30\/nouvelles-ferroviaires-festival-d002\/"},"modified":"2012-07-30T18:33:04","modified_gmt":"2012-07-30T16:33:04","slug":"nouvelles-ferroviaires-festival-d002","status":"publish","type":"post","link":"https:\/\/usagers-transports.haut-allier.eu\/index.php\/2012\/07\/30\/nouvelles-ferroviaires-festival-d002\/","title":{"rendered":"Nouvelles ferroviaires : festival d&rsquo;Aurillac \u00e0 un euro, gr\u00e8ves \u00e0 r\u00e9p\u00e9tition les vendredis&#8230;"},"content":{"rendered":"<p>Coups d&rsquo;oeil en plein milieu d&rsquo;\u00e9t\u00e9 sur l&rsquo;offre \u00ab\u00a0train\u00a0\u00bb de la ligne Clermont-Ferrand Marseille : <br \/>Les tr\u00e9s mauvaises exp\u00e9riences : elles se multiplient si l&rsquo;on en croit les nombreuses personnes qui ont essay\u00e9 d&rsquo;utiliser le train \u00e0 partir et \u00e0 destination d&rsquo;Alleyras ces derniers temps. On nous parle de gr\u00e8ves \u00e0 r\u00e9p\u00e9tition syst\u00e9matiquement les vendredis, pour mieux enquiquiner les usagers qui vont ou partent de chez eux en fin de semaine. On nous parle de bus de remplacement qui ne desservent plus (&hellip;)<\/p>\n","protected":false},"excerpt":{"rendered":"<p>Coups d&rsquo;oeil en plein milieu d&rsquo;\u00e9t\u00e9 sur l&rsquo;offre \u00ab\u00a0train\u00a0\u00bb de la ligne Clermont-Ferrand Marseille : Les tr\u00e9s mauvaises<\/p>\n","protected":false},"author":1,"featured_media":0,"comment_status":"closed","ping_status":"open","sticky":false,"template":"","format":"standard","meta":{"footnotes":""},"categories":[2],"tags":[],"class_list":["post-2","post","type-post","status-publish","format-standard","hentry","category-infos"],"_links":{"self":[{"href":"https:\/\/usagers-transports.haut-allier.eu\/index.php\/wp-json\/wp\/v2\/posts\/2","targetHints":{"allow":["GET"]}}],"collection":[{"href":"https:\/\/usagers-transports.haut-allier.eu\/index.php\/wp-json\/wp\/v2\/posts"}],"about":[{"href":"https:\/\/usagers-transports.haut-allier.eu\/index.php\/wp-json\/wp\/v2\/types\/post"}],"author":[{"embeddable":true,"href":"https:\/\/usagers-transports.haut-allier.eu\/index.php\/wp-json\/wp\/v2\/users\/1"}],"replies":[{"embeddable":true,"href":"https:\/\/usagers-transports.haut-allier.eu\/index.php\/wp-json\/wp\/v2\/comments?post=2"}],"version-history":[{"count":0,"href":"https:\/\/usagers-transports.haut-allier.eu\/index.php\/wp-json\/wp\/v2\/posts\/2\/revisions"}],"wp:attachment":[{"href":"https:\/\/usagers-transports.haut-allier.eu\/index.php\/wp-json\/wp\/v2\/media?parent=2"}],"wp:term":[{"taxonomy":"category","embeddable":true,"href":"https:\/\/usagers-transports.haut-allier.eu\/index.php\/wp-json\/wp\/v2\/categories?post=2"},{"taxonomy":"post_tag","embeddable":true,"href":"https:\/\/usagers-transports.haut-allier.eu\/index.php\/wp-json\/wp\/v2\/tags?post=2"}],"curies":[{"name":"wp","href":"https:\/\/api.w.org\/{rel}","templated":true}]}}