{"id":20,"date":"2010-11-05T10:12:00","date_gmt":"2010-11-05T09:12:00","guid":{"rendered":"http:\/\/5.45.101.177\/haut-allier\/usagers-transportse\/index.php\/2010\/11\/05\/ligne-du-cevenol-manifestation-de020\/"},"modified":"2010-11-05T10:12:00","modified_gmt":"2010-11-05T09:12:00","slug":"ligne-du-cevenol-manifestation-de020","status":"publish","type":"post","link":"https:\/\/usagers-transports.haut-allier.eu\/index.php\/2010\/11\/05\/ligne-du-cevenol-manifestation-de020\/","title":{"rendered":"Ligne du C\u00e9venol : manifestation de Villefort"},"content":{"rendered":"<p>Encore <a href=\"http:\/\/alleyras.capitale.dulibre.net\/IMG\/jpg\/manif-cevenol-villefort-5-nov-2010-1.jpg\">beaucoup de monde<\/a> pour cette manifestation, autant qu&rsquo;\u00e0 Langogne avant l&rsquo;\u00e9t\u00e9, pour protester contre les nouveaux ralentissements entre Al\u00e8s et G\u00e9nolhac d\u00fbs selon la SNCF \u00e0 la v\u00e9tust\u00e9 de la ligne. N\u00e9anmoins l&rsquo;association des \u00e9lus pour la d\u00e9fense du C\u00e9venol nous a donn\u00e9 quelques bonnes nouvelles  : les lignes Clermont Ferrand &#8211; N\u00eemes dite des C\u00e9vennes et B\u00e9ziers &#8211; Neussargues dite de l&rsquo;Aubrac sont \u00e0 partir de ce jour 5 novembre consid\u00e9r\u00e9es officielement comme lignes nationales intercit\u00e9s, le terme exact est autre, mais elles pourront d\u00e9sormais b\u00e9n\u00e9ficier de plus de participation de l&rsquo;\u00e9tat pour le maintien de leurs infrastructures. A c\u00f4t\u00e9 de cel\u00e0 il nous est indiqu\u00e9 et confirm\u00e9 que l&rsquo;objectif de la SNCF est toujours de fermer plusieurs milliers de kms de voies ferr\u00e9es, et que les lignes \u00ab\u00a0restantes\u00a0\u00bb devront \u00eatre rentables, comprendre rapporter des b\u00e9n\u00e9fices. Donc plus de report des b\u00e9n\u00e9fices des lignes TGV sur les lignes plus difficiles par exemple. Donc en fait on n&rsquo;y comprend plus grand chose. D&rsquo;un c\u00f4t\u00e9 les beaux discours qui ne co\u00fbtent rien, et de l&rsquo;autre la dure r\u00e9alit\u00e9 impos\u00e9e par le r\u00e9alisme capitaliste. Et adieu le service public pour tous.<\/p>\n","protected":false},"excerpt":{"rendered":"<p>Encore beaucoup de monde pour cette manifestation, autant qu&rsquo;\u00e0 Langogne avant l&rsquo;\u00e9t\u00e9, pour protester contre les nouveaux ralentissements<\/p>\n","protected":false},"author":1,"featured_media":0,"comment_status":"closed","ping_status":"open","sticky":false,"template":"","format":"standard","meta":{"footnotes":""},"categories":[2],"tags":[],"class_list":["post-20","post","type-post","status-publish","format-standard","hentry","category-infos"],"_links":{"self":[{"href":"https:\/\/usagers-transports.haut-allier.eu\/index.php\/wp-json\/wp\/v2\/posts\/20","targetHints":{"allow":["GET"]}}],"collection":[{"href":"https:\/\/usagers-transports.haut-allier.eu\/index.php\/wp-json\/wp\/v2\/posts"}],"about":[{"href":"https:\/\/usagers-transports.haut-allier.eu\/index.php\/wp-json\/wp\/v2\/types\/post"}],"author":[{"embeddable":true,"href":"https:\/\/usagers-transports.haut-allier.eu\/index.php\/wp-json\/wp\/v2\/users\/1"}],"replies":[{"embeddable":true,"href":"https:\/\/usagers-transports.haut-allier.eu\/index.php\/wp-json\/wp\/v2\/comments?post=20"}],"version-history":[{"count":0,"href":"https:\/\/usagers-transports.haut-allier.eu\/index.php\/wp-json\/wp\/v2\/posts\/20\/revisions"}],"wp:attachment":[{"href":"https:\/\/usagers-transports.haut-allier.eu\/index.php\/wp-json\/wp\/v2\/media?parent=20"}],"wp:term":[{"taxonomy":"category","embeddable":true,"href":"https:\/\/usagers-transports.haut-allier.eu\/index.php\/wp-json\/wp\/v2\/categories?post=20"},{"taxonomy":"post_tag","embeddable":true,"href":"https:\/\/usagers-transports.haut-allier.eu\/index.php\/wp-json\/wp\/v2\/tags?post=20"}],"curies":[{"name":"wp","href":"https:\/\/api.w.org\/{rel}","templated":true}]}}