{"id":200,"date":"2015-03-30T19:44:19","date_gmt":"2015-03-30T17:44:19","guid":{"rendered":"http:\/\/5.45.101.177\/haut-allier\/usagers-transportse\/index.php\/2015\/03\/30\/ligne-du-train-ales-besseges-de-l200\/"},"modified":"2015-03-30T19:44:19","modified_gmt":"2015-03-30T17:44:19","slug":"ligne-du-train-ales-besseges-de-l200","status":"publish","type":"post","link":"https:\/\/usagers-transports.haut-allier.eu\/index.php\/2015\/03\/30\/ligne-du-train-ales-besseges-de-l200\/","title":{"rendered":"Ligne du train Al\u00e8s Bess\u00e8ges : de l&rsquo;espoir, de l&rsquo;espoir&#8230;"},"content":{"rendered":"<p>L&rsquo;Association des Usagers de la SNCF du Gard et des d\u00e9partements limitrophes a retrouv\u00e9 l&rsquo;espoir de voir rouvrir cet axe c\u00e9venol essentiel depuis que le pr\u00e9sident de la soci\u00e9t\u00e9 dite ferroviaire G. P\u00e9py, de passage \u00e0 Montpellier la semaine derni\u00e8re sous la pression de la foule et des usagers venus le lyncher, a l\u00e2ch\u00e9 quelques consid\u00e9rations gentilles&#8230;<br \/>\n&nbsp;<br \/>\n<img decoding=\"async\" src=\"IMG\/jpg\/Laphrase.jpg\" alt=\"Laphrase.jpg\" align=\"center\" \/><br \/>\n&nbsp;<br \/>\n<em>L&rsquo;article de Midi Libre. <\/em><br \/>\n&nbsp;<br \/>\nNous ne ferons aucun commentaire d\u00e9sagr\u00e9able sur la qualit\u00e9 l\u00e9gendaire des promesses de Monsieur P\u00e9py.<br \/>\n&nbsp;<br \/>\nMerci aux usagers du Gard pour l&rsquo;info.<\/p>\n","protected":false},"excerpt":{"rendered":"<p>L&rsquo;Association des Usagers de la SNCF du Gard et des d\u00e9partements limitrophes a retrouv\u00e9 l&rsquo;espoir de voir rouvrir<\/p>\n","protected":false},"author":1,"featured_media":0,"comment_status":"closed","ping_status":"open","sticky":false,"template":"","format":"standard","meta":{"footnotes":""},"categories":[3],"tags":[],"class_list":["post-200","post","type-post","status-publish","format-standard","hentry","category-en-train"],"_links":{"self":[{"href":"https:\/\/usagers-transports.haut-allier.eu\/index.php\/wp-json\/wp\/v2\/posts\/200","targetHints":{"allow":["GET"]}}],"collection":[{"href":"https:\/\/usagers-transports.haut-allier.eu\/index.php\/wp-json\/wp\/v2\/posts"}],"about":[{"href":"https:\/\/usagers-transports.haut-allier.eu\/index.php\/wp-json\/wp\/v2\/types\/post"}],"author":[{"embeddable":true,"href":"https:\/\/usagers-transports.haut-allier.eu\/index.php\/wp-json\/wp\/v2\/users\/1"}],"replies":[{"embeddable":true,"href":"https:\/\/usagers-transports.haut-allier.eu\/index.php\/wp-json\/wp\/v2\/comments?post=200"}],"version-history":[{"count":0,"href":"https:\/\/usagers-transports.haut-allier.eu\/index.php\/wp-json\/wp\/v2\/posts\/200\/revisions"}],"wp:attachment":[{"href":"https:\/\/usagers-transports.haut-allier.eu\/index.php\/wp-json\/wp\/v2\/media?parent=200"}],"wp:term":[{"taxonomy":"category","embeddable":true,"href":"https:\/\/usagers-transports.haut-allier.eu\/index.php\/wp-json\/wp\/v2\/categories?post=200"},{"taxonomy":"post_tag","embeddable":true,"href":"https:\/\/usagers-transports.haut-allier.eu\/index.php\/wp-json\/wp\/v2\/tags?post=200"}],"curies":[{"name":"wp","href":"https:\/\/api.w.org\/{rel}","templated":true}]}}