{"id":201,"date":"2015-04-01T07:44:41","date_gmt":"2015-04-01T05:44:41","guid":{"rendered":"http:\/\/5.45.101.177\/haut-allier\/usagers-transportse\/index.php\/2015\/04\/01\/suppression-des-trains-intercites201\/"},"modified":"2015-04-01T07:44:41","modified_gmt":"2015-04-01T05:44:41","slug":"suppression-des-trains-intercites201","status":"publish","type":"post","link":"https:\/\/usagers-transports.haut-allier.eu\/index.php\/2015\/04\/01\/suppression-des-trains-intercites201\/","title":{"rendered":"Suppression des trains Intercit\u00e9s Aubrac et C\u00e9venol : la SNCF anticipe. C&rsquo;est fait ! [MAJ]"},"content":{"rendered":"<p><strong>[Mise \u00e0 jour du 2 Avril]<\/strong><br \/>\n&nbsp;<br \/>\nUn \u00e9lu nous indique que la ligne Intercit\u00e9s Montlucon &#8211; Paris par Bourges a \u00e9galement disparu de la carte publi\u00e9e. Autres mises \u00e0 jour en bas de page.<\/p>\n<p>&nbsp;<br \/>\n<strong>[Article du 1er Avril (Malheureusement pas un poisson)]<\/strong><br \/>\n&nbsp;<br \/>\nAvant m\u00eame la remise des conclusions de la <a href=\"http:\/\/enqueteur.dgitm.developpement-durable.gouv.fr\/index.php?sid=54124&#038;lang=fr\">consultation publique sur l&rsquo;avenir des trains TET Intercit\u00e9s<\/a>, \u00e0 la soci\u00e9t\u00e9 dite ferroviaire on n&rsquo;attend pas : selon nos <a href=\"http:\/\/usagers-transports.haut-allier.eu\/?trains-dans-le-massif-central-et,198\"><em>r\u00e9v\u00e9lations<\/em><\/a> d&rsquo;il y a quelques jours, issues de d\u00e9clarations et de documents internes, le train Intercit\u00e9s B\u00e9ziers Neussargues Clermont-Ferrand devait \u00eatre supprim\u00e9 d\u00e8s septembre, et l&rsquo;Intercit\u00e9s C\u00e9venol remplac\u00e9 en d\u00e9cembre de cette m\u00eame ann\u00e9e par un train r\u00e9gional,<br \/>\n&nbsp;<br \/>\n&#8230;et bien au service Intercit\u00e9s on anticipe pour bien montrer que les d\u00e9cisions sont d\u00e9j\u00e0 prises. Voici la nouvelle carte des trains SNCF Intercit\u00e9s affich\u00e9e ce matin sur le site <a href=\"http:\/\/www.sncf.com\/fr\/trains\/intercites\/reseau\">www.sncf.com\/fr\/trains\/intercites<\/a>  :<br \/>\n&nbsp;<br \/>\n<img decoding=\"async\" src=\"IMG\/jpg\/Intercites_-_Reseaux_des_trains_de_jour_et_de_nuit_SNCF_-_2015-04-01_08-14-15-m.jpg\" alt=\"Intercites_-_Reseaux_des_trains_de_jour_et_de_nuit_SNCF_-_2015-04-01_08-14-15-m.jpg\" align=\"center\" \/><br \/>\n&nbsp;<br \/>\n<strong>Notre collectif a d\u00e9cid\u00e9 de r\u00e9agir \u00e0 cet empressement malvenu avant la saison estivale en envoyant un courrier au ministre des transports, au pr\u00e9sident de la SNCF, et \u00e0 ceux des r\u00e9gions Auvergne, Limousin, Rh\u00f4ne-Alpes, Languedoc Roussillon, Midi Pyr\u00e9n\u00e9es, Provence Alpes C\u00f4te d&rsquo;Azur ainsi qu&rsquo;aux m\u00e9dias.<\/strong><br \/>\n&nbsp;<\/p>\n<p>[Mise \u00e0 Jour du 1er avril 17h]<br \/>\nNous venons de rajouter \u00e0 ces destinataires : le d\u00e9put\u00e9 enqu\u00eateur Philippe Duron, les pr\u00e9sidents des conseils d\u00e9partementaux du Puy-de-D\u00f4me, du Cantal, de Cor\u00e8ze, de Haute Loire, de Loz\u00e8re, du Gard, de l&rsquo;Aveyron, du Tarn, de l&rsquo;H\u00e9rault et de l&rsquo;Ard\u00e8che, les d\u00e9put\u00e9s et \u00e9lus qui ont \u00e9t\u00e9 bern\u00e9s par Mr P\u00e9py, ainsi que les associations de d\u00e9fense.<br \/>\n&nbsp;<\/p>\n<p><strong>Pour nous il n&rsquo;est pas question une seconde que l&rsquo;ex soci\u00e9t\u00e9 ferroviaire quitte les lignes du Massif central en les sabordant. Il s&rsquo;agit de biens communs et de deniers publics. <\/strong><br \/>\n&nbsp;<br \/>\n<a href=\"IMG\/pdf\/collectif-usagers-transports-haut-allier-lettre-pb-site-intercites-avril-2015.pdf\">collectif-usagers-transports-haut-allier-lettre-pb-site-intercites-avril-2015.pdf<\/a><br \/>\n&nbsp;<\/p>\n<p><strong>Dans la presse :<\/strong><br \/>\n&nbsp;<br \/>\n&#8211; Zoomdici du 3 avril : <a href=\"http:\/\/www.zoomdici.fr\/actualite\/Suppression-des-trains-Intercites-Aubrac-et-Cevenol-la-SNCF-anticipe-id143093.html\">Suppression des trains Intercit\u00e9s Aubrac et C\u00e9venol : la SNCF anticipe<\/a><br \/>\n&#8211; Le Progr\u00e8s du 4 avril :  <a href=\"http:\/\/www.leprogres.fr\/economie\/2015\/04\/04\/la-ligne-du-cevenol-rayee-de-la-carte\">La ligne du C\u00e9venol ray\u00e9e de la carte<\/a> <\/p>\n","protected":false},"excerpt":{"rendered":"<p>[Mise \u00e0 jour du 2 Avril] &nbsp; Un \u00e9lu nous indique que la ligne Intercit\u00e9s Montlucon &#8211; Paris<\/p>\n","protected":false},"author":1,"featured_media":0,"comment_status":"closed","ping_status":"open","sticky":false,"template":"","format":"standard","meta":{"footnotes":""},"categories":[3],"tags":[],"class_list":["post-201","post","type-post","status-publish","format-standard","hentry","category-en-train"],"_links":{"self":[{"href":"https:\/\/usagers-transports.haut-allier.eu\/index.php\/wp-json\/wp\/v2\/posts\/201","targetHints":{"allow":["GET"]}}],"collection":[{"href":"https:\/\/usagers-transports.haut-allier.eu\/index.php\/wp-json\/wp\/v2\/posts"}],"about":[{"href":"https:\/\/usagers-transports.haut-allier.eu\/index.php\/wp-json\/wp\/v2\/types\/post"}],"author":[{"embeddable":true,"href":"https:\/\/usagers-transports.haut-allier.eu\/index.php\/wp-json\/wp\/v2\/users\/1"}],"replies":[{"embeddable":true,"href":"https:\/\/usagers-transports.haut-allier.eu\/index.php\/wp-json\/wp\/v2\/comments?post=201"}],"version-history":[{"count":0,"href":"https:\/\/usagers-transports.haut-allier.eu\/index.php\/wp-json\/wp\/v2\/posts\/201\/revisions"}],"wp:attachment":[{"href":"https:\/\/usagers-transports.haut-allier.eu\/index.php\/wp-json\/wp\/v2\/media?parent=201"}],"wp:term":[{"taxonomy":"category","embeddable":true,"href":"https:\/\/usagers-transports.haut-allier.eu\/index.php\/wp-json\/wp\/v2\/categories?post=201"},{"taxonomy":"post_tag","embeddable":true,"href":"https:\/\/usagers-transports.haut-allier.eu\/index.php\/wp-json\/wp\/v2\/tags?post=201"}],"curies":[{"name":"wp","href":"https:\/\/api.w.org\/{rel}","templated":true}]}}