{"id":202,"date":"2015-04-02T06:48:35","date_gmt":"2015-04-02T04:48:35","guid":{"rendered":"http:\/\/5.45.101.177\/haut-allier\/usagers-transportse\/index.php\/2015\/04\/02\/suppression-des-trains-intercites202\/"},"modified":"2015-04-02T06:48:35","modified_gmt":"2015-04-02T04:48:35","slug":"suppression-des-trains-intercites202","status":"publish","type":"post","link":"https:\/\/usagers-transports.haut-allier.eu\/index.php\/2015\/04\/02\/suppression-des-trains-intercites202\/","title":{"rendered":"Suppression des trains Intercit\u00e9s par la SNCF : les \u00e9lus tr\u00e8s inquiets au s\u00e9nat et ailleurs [MAJ]"},"content":{"rendered":"<p><strong>[Mise \u00e0 Jour du 2 Avril 15h00]<\/strong><br \/>\n&nbsp;<br \/>\nEt pas que les s\u00e9nateurs. Ce matin Luc Bourduge, Vice-Pr\u00e9sident charg\u00e9 des transports au conseil r\u00e9gional Auvergne nous disait : <strong> <em>\u00ab\u00a0Je viens de prendre connaissance de votre message et, comme vous, je suis tr\u00e8s inquiet du devenir de grand nombre de liaisons ferroviaires. Aussi bien TET que TER d&rsquo;ailleurs.\u00a0\u00bb<\/em> <\/strong><br \/>\n&nbsp;<br \/>\n<strong>Le conseil r\u00e9gional d&rsquo;Aquitaine s&rsquo;est d\u00e9clar\u00e9 ce matin stup\u00e9fait<\/strong>, pr\u00e9venu par son service des transports.<br \/>\n&nbsp;<br \/>\nUn article de Localtis est \u00e9galement instructif puisque l&rsquo;ARF l&rsquo;association des r\u00e9gions de France d\u00e9clare que : <strong>\u00ab\u00a0Ces services sont proches de l&rsquo;\u00e9quilibre \u00e9conomique avec un taux de couverture des charges par les recettes voyageurs de l&rsquo;ordre de 70%\u00a0\u00bb<\/strong>. Il en faut donc peu pour d\u00e9mentir l&rsquo;\u00e9ternelle litanie <em>des lignes non rentables<\/em> que la SNCF ass\u00e8ne avec toupet, alors qu&rsquo;elle les a abandonn\u00e9es et enterr\u00e9 elle-m\u00eame.<br \/>\n&nbsp;<br \/>\nVoici l&rsquo;<a href=\"http:\/\/www.localtis.info\/cs\/ContentServer?pagename=Localtis\/LOCActu\/ArticleActualite&#038;jid=1250268711858&#038;cid=1250268711367\">article<\/a>.<br \/>\n&nbsp;<br \/>\n<em>On pourra trouver les autres r\u00e9actions et mises \u00e0 jour ci-dessous, un peu en d\u00e9sordre.<\/em><br \/>\n&nbsp;<\/p>\n<hr>\n<p><strong>[Article du 1er Avril]<\/strong><br \/>\n&nbsp;<br \/>\n<em>Confirmation de nos <a href=\"http:\/\/usagers-transports.haut-allier.eu\/?suppression-des-trains-intercites,201\">alertes<\/a> concernant le C\u00e9venol et l&rsquo;Aubrac, selon un <a href=\"http:\/\/www.lagazettedescommunes.com\/345169\/des-elus-communistes-inquiets-pour-les-trains-intercites\/\">article<\/a> de la Gazette des Communes et l&rsquo;AFP :<\/em><br \/>\n&nbsp;<\/p>\n<p>[(<br \/>\n<strong>TRANSPORTS PUBLICS<\/strong><br \/>\n&nbsp;<br \/>\nDes \u00e9lus communistes inquiets pour les trains Intercit\u00e9s<br \/>\n&nbsp;<br \/>\navec l&rsquo;AFP | France | Publi\u00e9 le 01\/04\/2015<br \/>\n&nbsp;<br \/>\nDes \u00e9lus communistes se sont alarm\u00e9s mardi 31 mars au S\u00e9nat d&rsquo;une hypoth\u00e8se de travail de la SNCF, qui pr\u00e9voirait, selon eux, un \u00ab\u00a0retrait massif\u00a0\u00bb des trains Intercit\u00e9s, supprimant plusieurs lignes et r\u00e9duisant le trafic sur d&rsquo;autres.<br \/>\n&nbsp;<br \/>\nSelon ces \u00e9lus, la SNCF a remis au d\u00e9put\u00e9 (PS) Philippe Duron \u2013 qui pr\u00e9side une commission charg\u00e9e par le Premier ministre de plancher sur l\u2019avenir de ces trains \u2013 un document pr\u00e9conisant \u00ab un retrait massif \u00bb des trains Intercit\u00e9s.<br \/>\n&nbsp;<br \/>\nIls d\u00e9noncent notamment la \u00ab suppression organis\u00e9e de toutes les offres de nuit \u00bb, mais aussi de \u00ab toutes les dessertes nationales Intercit\u00e9s \u00bb sur six lignes, et la r\u00e9duction de l\u2019offre ailleurs: \u00ab sur une offre actuelle de 300 trains d\u2019\u00e9quilibre du territoire (TET) par jour, la SNCF pr\u00e9conise, selon ce document, d\u2019en supprimer 160\u2033, 180 en comptant les trains de nuit.<br \/>\n&nbsp;<br \/>\nContact\u00e9e par l\u2019AFP, la SNCF n\u2019a pas souhait\u00e9 faire de commentaire. \u00ab C\u2019est un v\u00e9ritable massacre qui nous est propos\u00e9 \u00bb, et \u00ab une r\u00e9gression sans pr\u00e9c\u00e9dent pour tous ceux qui ont besoin du train \u00bb, s\u2019inqui\u00e8te Pierre Mathieu, secr\u00e9taire de l\u2019Association nationale des \u00e9lus communistes et r\u00e9publicains (ANECR), et responsable de la commission transports.<br \/>\n&nbsp;<br \/>\n\u00ab Nous sommes d\u00e9termin\u00e9s \u00e0 ne pas laisser faire cette fuite en avant et demandons l\u2019arr\u00eat imm\u00e9diat de ces nouvelles remises en cause de dessertes, d\u2019arr\u00eats dans les gares (\u2026), sinon quelle est la cr\u00e9dibilit\u00e9 du gouvernement qui a missionn\u00e9 une commission pr\u00e9sid\u00e9e par Philippe Duron, qui doit remettre d\u2019ici fin mai-d\u00e9but juin \u00bb son rapport, a-t-il ajout\u00e9.<br \/>\n&nbsp;<br \/>\nSelon lui, le document transmis par la SNCF est un \u00ab rouleau compresseur pour essayer d\u2019imposer ce scenario dans le cadre de la commission Duron \u00bb. \u00ab Nous avons rencontr\u00e9 (le secr\u00e9taire d\u2019Etat aux Transports, Alain) Vidalies, il a dit : \u00ab pour l\u2019instant \u00e7a n\u2019est pas mon projet \u00bb \u00bb, a comment\u00e9 Charles Marziani, vice-pr\u00e9sident du conseil r\u00e9gional Midi-Pyr\u00e9n\u00e9es.<br \/>\n&nbsp;<br \/>\nPour Evelyne Didier, s\u00e9natrice de Meurthe-et-Moselle, \u00ab on veut mettre de la rentabilit\u00e9 l\u00e0 o\u00f9 il n\u2019y a pas \u00e0 en mettre \u00bb. Le vice-pr\u00e9sident du Conseil r\u00e9gional du Centre, Jean-Michel Bodin, estime que c\u2019est \u00ab le Parlement (qui) doit \u00eatre responsable de d\u00e9finir ce que devrait \u00eatre la politique de mobilit\u00e9 du territoire \u00bb.<br \/>\n&nbsp;<br \/>\nJean-Pierre Bosino, s\u00e9nateur de l\u2019Oise, appelle \u00e0 \u00ab mobiliser la population qui a besoin de ces trains \u00bb, et souligne am\u00e8rement qu\u2019 \u00bbon va voter la loi de transition \u00e9nerg\u00e9tique, mais on va mettre des cars, plus de voitures sur les routes \u00bb.<br \/>\n&nbsp;<br \/>\nPhilippe Duron fait \u00e9tat d\u2019un \u00ab document de travail de l\u2019op\u00e9rateur (la SNCF, ndlr) proposant des pistes de redressement de la trajectoire financi\u00e8re des TET qui se d\u00e9grade d\u2019ann\u00e9e en ann\u00e9e \u00bb. Le pr\u00e9sident de la commission souligne qu\u2019il \u00ab ne revient pas \u00e0 l\u2019op\u00e9rateur de d\u00e9finir les dessertes; il en est de la responsabilit\u00e9 de l\u2019autorit\u00e9 organisatrice, c\u2019est-\u00e0-dire de l\u2019Etat \u00bb.<br \/>\n&nbsp;<br \/>\nIl ajoute que \u00ab la commission remettra ses conclusions au ministre \u00e0 la fin du mois de mai. Elle s\u2019efforcera d\u2019avancer plusieurs propositions, de mani\u00e8re \u00e0 laisser le choix (\u2026) des moyens \u00e0 mettre en oeuvre pour moderniser et p\u00e9renniser cette offre indispensable \u00e0 de nombreux territoires \u00bb.<br \/>\n)]<\/p>\n<p>&nbsp;<\/p>\n<hr>\n<p><strong>[MAJ du 3 avril]<\/strong><br \/>\n&nbsp;<br \/>\nVoici le document en d\u00e9tail des <strong>lignes touch\u00e9es <\/strong> avec l&rsquo;analyse des \u00e9lus de l&rsquo;ANECR :<br \/>\n&nbsp;<\/p>\n<p>[(<br \/>\n<strong>Non \u00e0 la mort programm\u00e9e des Trains d\u2019Equilibre du Territoire<\/strong><br \/>\n&nbsp;<br \/>\nmercredi 1er avril 2015<br \/>\n&nbsp;<\/p>\n<p>La SNCF a r\u00e9cemment exprim\u00e9 dans un document son projet concernant les Trains d\u2019Equilibre du Territoire (TET) cela au moment o\u00f9 une commission parlementaire pr\u00e9sid\u00e9e par Philippe Duron doit rendre prochainement ses pr\u00e9conisations au gouvernement.<br \/>\n&nbsp;<br \/>\nCompte tenu de la gravit\u00e9 des propositions de la SNCF qui pr\u00e9conisent un retrait massif des trains nationaux sous responsabilit\u00e9 de l\u2019Etat depuis janvier 2011 et apr\u00e8s une \u00e9tude attentive du projet de la SNCF voici un r\u00e9sum\u00e9 des principales dispositions et des cons\u00e9quences auquel il conduirait.<br \/>\n&nbsp;<br \/>\n Suppression organis\u00e9e de toutes les offres de nuit (20 trains)<br \/>\n&nbsp;<br \/>\n Suppression de toutes les dessertes nationales intercit\u00e9s sur les lignes :<br \/>\n&nbsp;<br \/>\n \u2022 Caen- Le Mans-Tours<br \/>\n \u2022 Paris-Evreux-Serquigny<br \/>\n \u2022 Reims-Dijon<br \/>\n \u2022 Bordeaux-Clermont Ferrand- Lyon<br \/>\n \u2022 Hirson- Charleville M\u00e9zi\u00e8res-Metz<br \/>\n \u2022 Clermont Ferrand-Beziers<br \/>\n&nbsp;<\/p>\n<p>Soit la suppression de 13 trains\/jours + des liaisons de fin de semaine.<br \/>\n&nbsp;<\/p>\n<p> Volont\u00e9 de la SNCF de transf\u00e9rer des dessertes nationales intercit\u00e9s aux R\u00e9gions pour les lignes :<br \/>\n&nbsp;<br \/>\n\u2022 Paris-St Quentin-Maubeuge-Cambrai pour 36 tr\/jour<br \/>\n \u2022 Paris-Granville pour 10 tr\/jour<br \/>\n \u2022 Clermont-Ferrand- N\u00eemes 2 tr\/jour<br \/>\n \u2022 Paris-Nevers 10 tr\/jour<br \/>\n \u2022 Toulouse-Lourdes-Pau-Hendaye 10 tr\/jour<br \/>\n&nbsp;<\/p>\n<p>Soit la suppression de 70 trains\/jour<br \/>\n&nbsp;<\/p>\n<p> Projet de r\u00e9duction de l\u2019offre des dessertes TET par la SNCF sur toutes les autres lignes<br \/>\n&nbsp;<\/p>\n<p>\u2022 ligne Paris-Amiens de 28 \u00e0 16 tr\/j soit &#8211; 43% ; ligne Paris-Boulogne de 10 \u00e0 6 tr\/j soit -40%.<br \/>\n \u2022 ligne Paris-Rouen de 47 \u00e0 23 tr\/jour -51% ; ligne Paris-Le Havre de 27 tr\/jour \u00e0 8 soit &#8211; 70%. suppression<br \/>\n \u2022 Ligne Paris-Troyes-Belfort Paris-Troyes de 26 (30 en 2011) \u00e0 14 tr\/jour -46% ; Paris-Belfort de 8 \u00e0 4 soit -50%.<br \/>\n \u2022 Ligne Paris-Orl\u00e9ans\/Les Aubrais de 42 \u00e0 32 tr\/jour -10 tr\/jour soit -25% ; Paris-Bourges de 8 \u00e0 6 soit &#8211; 25% et plus aucun prolongement sur Montlu\u00e7on.<br \/>\n \u2022 Ligne Paris-Caen de 31 \u00e0 20 tr\/jour -35% et Paris-Cherbourg de 14 \u00e0 6 soit -57% ;<br \/>\n \u2022 Paris-Limoges de 20 \u00e0 16 tr\/jour soit -20% Soit la suppression de 77 trains\/jour<br \/>\n&nbsp;<\/p>\n<p>Ainsi sur une offre actuelle de 300 Trains d\u2019Equilibre du Territoire (TET) par jour la SNCF pr\u00e9conise d\u2019en supprimer 160 soit plus de la moiti\u00e9 !<br \/>\n&nbsp;<br \/>\nIl faut rajouter \u00e0 cette v\u00e9ritable h\u00e9catombe la suppression des 20 trains de nuit existants encore actuellement.<br \/>\n&nbsp;<br \/>\nSoit au total 180 trains nationaux dont il est propos\u00e9 la suppression !<br \/>\n&nbsp;<\/p>\n<p> Sur l\u2019offre restante volont\u00e9 de la SNCF de supprimer partiellement ou totalement des arr\u00eats (quelques exemples\u2026)<br \/>\n&nbsp;<br \/>\n \u2022 Ligne Paris-Amiens suppression de dessertes pour Longueau, St Just la Chauss\u00e9e, Clermont, Creil<br \/>\n \u2022 Ligne Paris-Rouen suppression de dessertes pour Mantes, Vernon, Gaillon, Oissel, Val de Reuil, Yvetot, Br\u00e9aut\u00e9-Beuzeville<br \/>\n \u2022 Ligne Paris-Troyes-Belfort suppression de 50% des arr\u00eats \u00e0 Nogent sur Seine et Romilly sur Seine ; Suppression des trains directs entre Paris et Vendeuvre sur Barse, Bar sur Aube, Langres. (ruptures de vcharge \u00e0 Troyes) ; Trains directs Paris-Chaumont de 20 \u00e0 6 tr\/jour soit &#8211; 70%. Trains directs entre Paris et Culmont Chalindrey de 14 \u00e0 2.<br \/>\n \u2022 Montlu\u00e7on ne b\u00e9n\u00e9ficierait plus d\u2019aucune offre SNCF nationale en direction de Paris.<br \/>\n \u2022 Ligne Paris-Caen et Paris-Cherbourg suppression d\u2019arr\u00eats \u00e0 Mantes, Bernay, Evreux, Pont l\u2019Ev\u00eaque, Bayeux, Lison, Carentan, Valognes\u2026<br \/>\n \u2022 Ligne Paris- Clermont Ferrand suppression des arr\u00eats \u00e0 Riom 14\/jour<br \/>\n \u2022 Ligne Bordeaux-Lyon suppression d\u2019arr\u00eats \u00e0 Libourne, Coutras, Mussidan, Thiviers, St Sulpice Lauri\u00e8re, Gueret, Commentry<br \/>\n \u2022 Ligne Paris-Limoges-Toulouse suppression d\u2019arr\u00eats \u00e0 Issoudun, La Souterraine,Chateauroux, les suppressions de dessertes entre Limoges et Toulouse concerne les villes de Brive la Gaillarde Souillac, Gourdon, Cahors, Caussade, Montauban<br \/>\n \u2022 Ligne Bordeaux-Marseille-Nice suppression de 2 trains\/jour entre Marseille et Nice et suppression d\u2019arr\u00eats \u00e0 Marmande, Montauban, S\u00e8te, Arles<br \/>\n \u2022 Ligne Quimper-Nantes-Bordeaux-Toulouse : suppression des tranches Quimper-Nantes 4 tr\/jour et Bordeaux-Toulouse pour 2 tr\/jour<br \/>\n \u2022 Ligne Nantes-Lyon suppression des arr\u00eats \u00e0 Saincaize et St Germain des Foss\u00e9s<br \/>\n&nbsp;<\/p>\n<p> Le d\u00e9partement de la Creuse ne serait dor\u00e9navant plus desservi par une liaison ferroviaire nationale.<br \/>\n&nbsp;<br \/>\n)]<\/p>\n<hr>\n<p><strong>[MAJ du 3 avril suite]<\/strong><br \/>\n&nbsp;<br \/>\nVoici l&rsquo;article de l&rsquo;Humanit\u00e9 paru 4 jours apr\u00e8s notre <a href=\"http:\/\/usagers-transports.haut-allier.eu\/?trains-dans-le-massif-central-et,198\">alerte<\/a> :<br \/>\n&nbsp;<\/p>\n<p>[(<br \/>\n<img decoding=\"async\" src=\"IMG\/jpg\/quand-la-sncf-programme-les-dc3a9serts-ferroviaires.jpg\" alt=\"quand-la-sncf-programme-les-dc3a9serts-ferroviaires.jpg\" align=\"center\" \/><\/p>\n<p><img decoding=\"async\" src=\"IMG\/jpg\/quand-la-sncf-programme-les-dc3a9serts-ferroviaires2.jpg\" alt=\"quand-la-sncf-programme-les-dc3a9serts-ferroviaires2.jpg\" align=\"center\" \/><\/p>\n<p>)]<\/p>\n<p><strong>[MAJ du 8 avril]<\/strong><br \/>\n&nbsp;<br \/>\n<strong>La presse en folie, morceaux choisis :<\/strong><br \/>\n&#8211; Le Populaire : <a href=\"http:\/\/www.lepopulaire.fr\/limousin\/actualite\/departement\/creuse\/2015\/04\/07\/rail-la-sncf-chercherait-a-rayer-la-creuse-de-la-carte-des-trains-intercites_11395175.html\">Rail, la SNCF chercherait \u00e0 rayer la Creuse de la carte des trains Intercit\u00e9s.<\/a><br \/>\n&#8211; Le Parisien : <a href=\"http:\/\/www.leparisien.fr\/espace-premium\/oise-60\/certains-intercites-en-sursis-08-04-2015-4673525.php\">Certains Intercit\u00e9s en sursis.<\/a><br \/>\n&#8211; La D\u00e9p\u00eache de l&rsquo;Aube : <a href=\"http:\/\/ladepechedelaube.org\/spip.php?article3274\">Les r\u00e9ductions de trains Intercit\u00e9s pr\u00e9conis\u00e9es par la SNCF AVEC LA CARTE DES PRECONISATIONS<\/a><br \/>\n&nbsp;<br \/>\n<img decoding=\"async\" src=\"IMG\/jpg\/sncf2jpg-84f84f5-60cfe.jpg\" alt=\"sncf2jpg-84f84f5-60cfe.jpg\" align=\"center\" \/><br \/>\nAujourd&rsquo;hui&#8230;<br \/>\n&nbsp;<\/p>\n<p><img decoding=\"async\" src=\"IMG\/jpg\/sncf-demain2d0b3-11f93.jpg\" alt=\"sncf-demain2d0b3-11f93.jpg\" align=\"center\" \/><br \/>\nTr\u00e8s bient\u00f4t<br \/>\n&nbsp;<\/p>\n<p><strong>[MAJ du 15 avril]<\/strong><br \/>\n&nbsp;<br \/>\n<strong>La presse et les \u00e9lus en folie, d&rsquo;autres morceaux choisis :<\/strong><br \/>\n&#8211; Le vice-pr\u00e9sident de l\u2019Association des Maires de France Martial Passi auditionn\u00e9 par la commission Duron : <a href=\"http:\/\/www.martialpassigivors.fr\/ne-pas-reduire-mais-developper-les-trains-intercites\/\">Ne pas r\u00e9duire mais d\u00e9velopper les trains Intercit\u00e9s<\/a>.<br \/>\n&nbsp;<br \/>\n<img decoding=\"async\" src=\"IMG\/jpg\/Trains-dequilibre-du-Territoire.jpg\" alt=\"Trains-dequilibre-du-Territoire.jpg\" align=\"center\" \/><br \/>\n&nbsp;<\/p>\n<p>&#8211; Jean-L\u00e9once Dupont, pr\u00e9sident UDI du conseil d\u00e9partemental du Calvados et s\u00e9nateur <a href=\"http:\/\/www.actuel.info\/2015\/04\/14\/caen-trains-intercites-jean-leonce-dupont-inquiet-pour-les-lignes-normandes\/\">inquiet pour les lignes normandes<\/a>.<br \/>\n&#8211; Rapport secret, retards en s\u00e9rie&#8230; La SNCF irrite des \u00e9lus de Normandie  sur <a href=\"http:\/\/www.normandie-actu.fr\/rapport-secret-retards-en-serie-la-sncf-irrite-des-elus-de-normandie_121460\/\">Normandie &#8211; Actu<\/a>.<br \/>\n&#8211; Ouest France :  <a href=\"http:\/\/www.ouest-france.fr\/trains-intercites-jean-leonce-dupont-inquiet-pour-les-lignes-normandes-3332276\">Trains Intercit\u00e9s. Jean-L\u00e9once Dupont inquiet pour les lignes normandes<\/a><br \/>\n&#8211; L&rsquo;Humanit\u00e9 : <a href=\"http:\/\/www.humanite.fr\/trains-intercites-terminus-tout-le-monde-descend-571003\">Trains Intercit\u00e9s, terminus, tout le monde descend <\/a>. Alors que la commission Duron doit rendre ses pr\u00e9conisations fin mai sur l\u2019avenir \u2028des trains d\u2019\u00e9quilibre du territoire (TET), les r\u00e9gions, d\u00e9j\u00e0 asphyxi\u00e9es financi\u00e8rement, \u2028alertent sur un \u00e9ventuel transfert de charges au r\u00e9seau TER, sans dotation suppl\u00e9mentaire.<br \/>\n&#8211; Suppression de trains en Haute-Normandie ? <a href=\"http:\/\/www.infonormandie.com\/Suppression-de-trains-en-Haute-Normandie-Questions-sur-les-intentions-de-la-SNCF_a7941.html\">Questions sur les intentions de la SNCF <\/a>sur InfoNormandie.<br \/>\n&#8211; Les Echos : <a href=\"http:\/\/www.lesechos.fr\/journal20150413\/lec2_entreprise_et_marches\/0204293619754-sncf-le-sort-des-trains-intercites-en-suspens-1110555.php#\">SNCF, le sort des trains Intercit\u00e9s en suspens<\/a>.<br \/>\n&#8211; Paris Normandie : <a href=\"http:\/\/www.paris-normandie.fr\/detail_article\/articles\/2932718\/actualites+economie\/les-non-dits-de-la-sncf#.VS55dyhb81g\">Lignes ferroviaires, un rapport de la SNCF pr\u00e9conise des mesures drastiques en Normandie.<\/a><br \/>\n&#8211; Intercit\u00e9s SNCF : <a href=\"http:\/\/www.lutte-ouvriere-journal.org\/2015\/04\/08\/intercites-sncf-la-loi-du-fric_36799.html\">la loi du fric<\/a><br \/>\n&#8211; France Bleu :  <a href=\"http:\/\/www.francebleu.fr\/infos\/intercites\/la-sncf-est-elle-en-passe-d-oublier-la-creuse-2269693\">La SNCF est-elle en passe d&rsquo;oublier la Creuse ? <\/a>. Un projet qui inqui\u00e8te fortement les usagers du rail et les \u00e9lus limousins.<br \/>\n&#8211; Tendance Ouest : <a href=\"http:\/\/www.tendanceouest.com\/actualite-101358-suppression-de-train-pascal-allizard-y-croit-pas.html\">Suppression des trains, le s\u00e9nateur Pascal Allizard n&rsquo;y croit pas<\/a><br \/>\n&#8211; La Manche Libre : <a href=\"http:\/\/www.lamanchelibre.fr\/bayeux\/actualite-116343-gare-bayeux-une-perspective-abs.html\">Gare de Bayeux, \u00ab\u00a0une perspective absurde\u00a0\u00bb<\/a><br \/>\n&#8211; France 3 Basse Normandie : <a href=\"http:\/\/france3-regions.francetvinfo.fr\/basse-normandie\/2015\/04\/15\/drole-d-day-bayeux-ironise-sur-la-possible-suppression-de-l-arret-des-trains-intercites-705441.html\">La gare de BAYEUX, gare historique des plages du D\u00e9barquement sera effac\u00e9e<\/a>.<br \/>\n&#8211; La Renaissance Le Bessin : <a href=\"http:\/\/www.larenaissance-lebessin.fr\/2015\/04\/15\/sncf-les-lignes-intercites-normandes-menacees\/\">Lignes Intercit\u00e9s normandes menac\u00e9es, le maire de Bayeux et l\u2019office de tourisme inquiets.<\/a><br \/>\n&#8211; Paris &#8211; Normandie TV : <a href=\"http:\/\/www.paris-normandie.fr\/detail_article\/articles\/2981784\/rapport-confidentiel-de-la-sncf--edouard-philippe-denonce-le-double-langage-de-guillaume-pepy#.VTHtRihb81g\">Rapport confidentiel de la SNCF : \u00c9douard Philippe d\u00e9nonce \u00ab le double langage \u00bb de Guillaume Pepy<\/a>. Tu m&rsquo;\u00e9tonnes&#8230; les \u00e9lus d\u00e9couvrent les mensonges permanents d&rsquo;un pr\u00e9sident de la SNCF. Une seule solution : d\u00e9mission !<br \/>\n&#8211; Mobilettres du 25 avril : <a href=\"http:\/\/www.mobilettre.com\/intercites-le-defi-de-la-commission-duron\/\">Intercit\u00e9s: le grand d\u00e9fi de la commission Duron<\/a>. Un tr\u00e8s bon article.<br \/>\n&#8211; La D\u00e9p\u00eache du Midi du 2 mai : <a href=\"http:\/\/www.ladepeche.fr\/article\/2015\/05\/02\/2097484-des-menaces-pesent-sur-les-trains-intercites.html\">Des menaces p\u00e8sent sur les trains intercit\u00e9s<\/a>.<br \/>\n&#8211; Tarbes-Infos : <a href=\"http:\/\/www.tarbes-infos.com\/spip.php?article14188\">Les trains \u00ab Intercit\u00e9s \u00bb en danger !<\/a>.<br \/>\n&#8211; Paris &#8211; Normandie : <a href=\"http:\/\/www.paris-normandie.fr\/detail_article\/articles\/3072019\/la-sncf-met-en-place-des-autocars-a-la-place-des-intercites-a-partir-du-1er-mai-entre-le-havre-et-rouen#.VUdQSyhb81g\">La SNCF met en place des autocars \u00e0 la place des Intercit\u00e9s \u00e0 partir du 1er mai entre le Havre et Rouen<\/a>.<br \/>\n&#8211; L&rsquo;Alsace.fr : <a href=\"http:\/\/www.lalsace.fr\/actualite\/2015\/04\/28\/les-cars-de-macron-seront-ils-le-corbillard-du-train\">Les cars de Macron seront-ils le corbillard du train ?<\/a>.<br \/>\n&#8211; La Manche Libre : <a href=\"http:\/\/www.lamanchelibre.fr\/actualite-116511-train-laurent-beauvais-met-les-poin.html\">Train, Laurent Beauvais met les points sur les \u00ab\u00a0i\u00a0\u00bb<\/a>.<br \/>\n&#8211;  France Bleu : <a href=\"http:\/\/www.francebleu.fr\/infos\/bientot-moins-de-trains-sur-la-ligne-caen-%E2%80%93-le-mans-%E2%80%93-tours-2302081\">Bient\u00f4t moins de trains sur la ligne Caen \u2013 Le Mans \u2013 Tours<\/a><br \/>\n&#8211; La r\u00e9gion Basse Normandie se dit engag\u00e9e : <a href=\"http:\/\/www.region-basse-normandie.fr\/lignes-intercites-bas-normandes-la-region-basse-normandie-vigilante-et-engagee-0\">Lignes Intercit\u00e9s bas-normandes : la R\u00e9gion Basse-Normandie vigilante et engag\u00e9e<\/a>.<br \/>\n&#8211; Normandie Actu : <a href=\"http:\/\/www.normandie-actu.fr\/normandie-la-sncf-va-investir-235-millions-deuros-sur-la-ligne-paris-caen-cherbourg_123997\/\">La SNCF va investir 235 millions d&rsquo;euros sur la ligne Paris-Caen-Cherbourg<\/a>.<br \/>\n&#8211; L&rsquo;\u00e9veil normand : <a href=\"http:\/\/www.leveilnormand.fr\/tag\/intercites\/\">Une p\u00e9tition pour sauver la gare<\/a>.<\/p>\n","protected":false},"excerpt":{"rendered":"<p>[Mise \u00e0 Jour du 2 Avril 15h00] &nbsp; Et pas que les s\u00e9nateurs. Ce matin Luc Bourduge, Vice-Pr\u00e9sident<\/p>\n","protected":false},"author":1,"featured_media":0,"comment_status":"closed","ping_status":"open","sticky":false,"template":"","format":"standard","meta":{"footnotes":""},"categories":[3],"tags":[],"class_list":["post-202","post","type-post","status-publish","format-standard","hentry","category-en-train"],"_links":{"self":[{"href":"https:\/\/usagers-transports.haut-allier.eu\/index.php\/wp-json\/wp\/v2\/posts\/202","targetHints":{"allow":["GET"]}}],"collection":[{"href":"https:\/\/usagers-transports.haut-allier.eu\/index.php\/wp-json\/wp\/v2\/posts"}],"about":[{"href":"https:\/\/usagers-transports.haut-allier.eu\/index.php\/wp-json\/wp\/v2\/types\/post"}],"author":[{"embeddable":true,"href":"https:\/\/usagers-transports.haut-allier.eu\/index.php\/wp-json\/wp\/v2\/users\/1"}],"replies":[{"embeddable":true,"href":"https:\/\/usagers-transports.haut-allier.eu\/index.php\/wp-json\/wp\/v2\/comments?post=202"}],"version-history":[{"count":0,"href":"https:\/\/usagers-transports.haut-allier.eu\/index.php\/wp-json\/wp\/v2\/posts\/202\/revisions"}],"wp:attachment":[{"href":"https:\/\/usagers-transports.haut-allier.eu\/index.php\/wp-json\/wp\/v2\/media?parent=202"}],"wp:term":[{"taxonomy":"category","embeddable":true,"href":"https:\/\/usagers-transports.haut-allier.eu\/index.php\/wp-json\/wp\/v2\/categories?post=202"},{"taxonomy":"post_tag","embeddable":true,"href":"https:\/\/usagers-transports.haut-allier.eu\/index.php\/wp-json\/wp\/v2\/tags?post=202"}],"curies":[{"name":"wp","href":"https:\/\/api.w.org\/{rel}","templated":true}]}}