{"id":203,"date":"2015-04-13T14:49:55","date_gmt":"2015-04-13T12:49:55","guid":{"rendered":"http:\/\/5.45.101.177\/haut-allier\/usagers-transportse\/index.php\/2015\/04\/13\/villefort-manifestation-du-11203\/"},"modified":"2015-04-13T14:49:55","modified_gmt":"2015-04-13T12:49:55","slug":"villefort-manifestation-du-11203","status":"publish","type":"post","link":"https:\/\/usagers-transports.haut-allier.eu\/index.php\/2015\/04\/13\/villefort-manifestation-du-11203\/","title":{"rendered":"Villefort : manifestation du 11 avril contre la fermeture des guichets et pour l&rsquo;Intercit\u00e9s Le C\u00e9venol"},"content":{"rendered":"<p>Un collectif de citoyens vient de se cr\u00e9er \u00e0 Villefort pour la d\u00e9fense du train et contre la fermeture des guichets.<br \/>\n&nbsp;<br \/>\nA son appel une premi\u00e8re manifestation a eu lieu ce samedi 11 avril en gare. Un appel bien relay\u00e9 notamment sur France Bleu Gard Loz\u00e8re (malgr\u00e9 la gr\u00e8ve \u00e0 Radio France) :<br \/>\n&nbsp;<br \/>\n&#8211; Sur France Bleu Gard Loz\u00e8re, au cours du journal de 18h du 10 avril :<\/p>\n<p><em>\u00ab\u00a0Une manifestation demain apr\u00e8s-midi \u00e0 15h en gare de Villefort en Loz\u00e8re. L\u2019id\u00e9e\u00a0: obtenir la r\u00e9ouverture du guichet. Il y a une quinzaine de jours, vous vous en souvenez peut-\u00eatre, le collectif des usagers avait obtenu justement cette r\u00e9ouverture aupr\u00e8s de la SNCF.\u00a0\u00bb<\/em><br \/>\n&nbsp;<\/p>\n<p>&#8211; Sur France Bleu Gard Loz\u00e8re, journal de 8h du 11 avril :<\/p>\n<p><em>\u00ab\u00a0Il y aura des manifestants cette apr\u00e8s-midi devant la gare de Villefort en Loz\u00e8re. Les d\u00e9fenseurs du service public ferroviaire en C\u00e9vennes manifestent pour que le guichet de gare soit rouvert. Il a ferm\u00e9 le 1er janvier. Le rassemblement est pr\u00e9vu \u00e0 15h. il y a 2 semaines, les manifestants ont obtenu la r\u00e9ouverture de la gare de G\u00e9nolhac dans le Gard.\u00a0\u00bb<\/em><\/p>\n<p>&nbsp;<br \/>\nVoici les premi\u00e8res photos. Parmi les 200 personnes pr\u00e9sentes notons la participation de Sophie Pantel, pr\u00e9sidente du conseil d\u00e9partemental de Loz\u00e8re et conseill\u00e8re r\u00e9gionale Languedoc Roussillon, Andr\u00e9 Joffart repr\u00e9sentant le Collectif pour la D\u00e9fense des Services Publics et des Usagers dans les Hautes C\u00e9vennes, le pr\u00e9sident de l&rsquo;association des \u00e9lus pour la d\u00e9fense du C\u00e9venol, Guy Malaval et Jean de LESCURE, pr\u00e9sident de la Communaut\u00e9 de communes de Villefort.<br \/>\n&nbsp;<br \/>\n<img decoding=\"async\" src=\"IMG\/jpg\/villefort_20150411_manif-reouverture-guichet_5_s.jpg\" alt=\"villefort_20150411_manif-reouverture-guichet_5_s.jpg\" align=\"center\" \/><\/p>\n<p>&nbsp;<br \/>\n<img decoding=\"async\" src=\"IMG\/jpg\/villefort_20150411_manif-reouverture-guichet_1_s.jpg\" alt=\"villefort_20150411_manif-reouverture-guichet_1_s.jpg\" align=\"center\" \/><\/p>\n<p>&nbsp;<br \/>\n<img decoding=\"async\" src=\"IMG\/jpg\/villefort_20150411_manif-reouverture-guichet_0_s.jpg\" alt=\"villefort_20150411_manif-reouverture-guichet_0_s.jpg\" align=\"center\" \/><\/p>\n<p><strong>Pour contacter le collectif : <\/strong><br \/>\n&#8211; le <a href=\"mailto:collectiftrainvillefort@gmail.com\">mail<\/a><br \/>\n&#8211; Alexandre Bel<br \/>\n&#8211; Franck Bernon<br \/>\n&#8211; Pierrette Revest<\/p>\n<p><strong>Dans la presse :<\/strong><br \/>\n&#8211; Midi Libre du 15 avril : <a href=\"http:\/\/www.midilibre.fr\/2015\/04\/15\/villefort-defend-son-guichet-sncf,1150542.php#xtor=RSS-5\">Ligne ferroviaire des C\u00e9vennes, Villefort d\u00e9fend son guichet SNCF<\/a><\/p>\n","protected":false},"excerpt":{"rendered":"<p>Un collectif de citoyens vient de se cr\u00e9er \u00e0 Villefort pour la d\u00e9fense du train et contre la<\/p>\n","protected":false},"author":1,"featured_media":0,"comment_status":"closed","ping_status":"open","sticky":false,"template":"","format":"standard","meta":{"footnotes":""},"categories":[3],"tags":[],"class_list":["post-203","post","type-post","status-publish","format-standard","hentry","category-en-train"],"_links":{"self":[{"href":"https:\/\/usagers-transports.haut-allier.eu\/index.php\/wp-json\/wp\/v2\/posts\/203","targetHints":{"allow":["GET"]}}],"collection":[{"href":"https:\/\/usagers-transports.haut-allier.eu\/index.php\/wp-json\/wp\/v2\/posts"}],"about":[{"href":"https:\/\/usagers-transports.haut-allier.eu\/index.php\/wp-json\/wp\/v2\/types\/post"}],"author":[{"embeddable":true,"href":"https:\/\/usagers-transports.haut-allier.eu\/index.php\/wp-json\/wp\/v2\/users\/1"}],"replies":[{"embeddable":true,"href":"https:\/\/usagers-transports.haut-allier.eu\/index.php\/wp-json\/wp\/v2\/comments?post=203"}],"version-history":[{"count":0,"href":"https:\/\/usagers-transports.haut-allier.eu\/index.php\/wp-json\/wp\/v2\/posts\/203\/revisions"}],"wp:attachment":[{"href":"https:\/\/usagers-transports.haut-allier.eu\/index.php\/wp-json\/wp\/v2\/media?parent=203"}],"wp:term":[{"taxonomy":"category","embeddable":true,"href":"https:\/\/usagers-transports.haut-allier.eu\/index.php\/wp-json\/wp\/v2\/categories?post=203"},{"taxonomy":"post_tag","embeddable":true,"href":"https:\/\/usagers-transports.haut-allier.eu\/index.php\/wp-json\/wp\/v2\/tags?post=203"}],"curies":[{"name":"wp","href":"https:\/\/api.w.org\/{rel}","templated":true}]}}