{"id":204,"date":"2015-04-15T15:09:52","date_gmt":"2015-04-15T13:09:52","guid":{"rendered":"http:\/\/5.45.101.177\/haut-allier\/usagers-transportse\/index.php\/2015\/04\/15\/ligne-ales-besseges-grande-marche204\/"},"modified":"2015-04-15T15:09:52","modified_gmt":"2015-04-15T13:09:52","slug":"ligne-ales-besseges-grande-marche204","status":"publish","type":"post","link":"https:\/\/usagers-transports.haut-allier.eu\/index.php\/2015\/04\/15\/ligne-ales-besseges-grande-marche204\/","title":{"rendered":"Ligne Al\u00e8s &#8211; Bess\u00e8ges : Grande marche le samedi 25 avril \u00e0 Saint-Ambroix [MAJ]"},"content":{"rendered":"<p>La r\u00e9novation de la ligne a \u00e9t\u00e9 calcul\u00e9e pour un investissement de moins de 9 millions d&rsquo;euros. Le Pr\u00e9sident de la SNCF a reconnu qu&rsquo;une r\u00e9novation plus ch\u00e8re n&rsquo;\u00e9tait pas n\u00e9cessaire.<br \/>\n&nbsp;<br \/>\n<strong>Alors qu&rsquo;attendent-ils tous pour le faire ? Les prochaines \u00e9lections encore et encore ?<\/strong><br \/>\n&nbsp;<br \/>\nSoyons nombreux <strong>samedi 25 avril<\/strong> \u00e0 marcher le long de la ligne.<br \/>\n&nbsp;<br \/>\nPlusieurs trajets sont propos\u00e9s (voir tract ci-dessous), c&rsquo;est vraiment \u00e0 la carte, l&rsquo;essentiel \u00e9tant de se retrouver <strong>\u00e0 midi \u00e0 la gare de Saint Ambroix<\/strong>.<br \/>\n&nbsp;<br \/>\n<em>(Extrait du communiqu\u00e9 de l&rsquo;<a href=\"http:\/\/usagerstergard.free.fr\/viewtopic.php?f=17&#038;t=415&#038;p=506#p506\">association des usagers TER dans le Gard et les D\u00e9partements limitrophes<\/a>).<\/em><br \/>\n&nbsp;<br \/>\n<img decoding=\"async\" src=\"IMG\/jpg\/Tract_Ales-Besseges_25_avril_2015.jpg\" alt=\"Tract_Ales-Besseges_25_avril_2015.jpg\" align=\"center\" \/><br \/>\n&nbsp;<\/p>\n<p><strong>[MAJ]<\/strong><br \/>\n&nbsp;<br \/>\nEt le compte rendu de la marche sur <a href=\"http:\/\/usagerstergard.free.fr\/viewtopic.php?f=17&#038;t=419\">le site <\/a> de l&rsquo;association des usagers TER du Gard.<\/p>\n","protected":false},"excerpt":{"rendered":"<p>La r\u00e9novation de la ligne a \u00e9t\u00e9 calcul\u00e9e pour un investissement de moins de 9 millions d&rsquo;euros. Le<\/p>\n","protected":false},"author":1,"featured_media":0,"comment_status":"closed","ping_status":"open","sticky":false,"template":"","format":"standard","meta":{"footnotes":""},"categories":[3],"tags":[],"class_list":["post-204","post","type-post","status-publish","format-standard","hentry","category-en-train"],"_links":{"self":[{"href":"https:\/\/usagers-transports.haut-allier.eu\/index.php\/wp-json\/wp\/v2\/posts\/204","targetHints":{"allow":["GET"]}}],"collection":[{"href":"https:\/\/usagers-transports.haut-allier.eu\/index.php\/wp-json\/wp\/v2\/posts"}],"about":[{"href":"https:\/\/usagers-transports.haut-allier.eu\/index.php\/wp-json\/wp\/v2\/types\/post"}],"author":[{"embeddable":true,"href":"https:\/\/usagers-transports.haut-allier.eu\/index.php\/wp-json\/wp\/v2\/users\/1"}],"replies":[{"embeddable":true,"href":"https:\/\/usagers-transports.haut-allier.eu\/index.php\/wp-json\/wp\/v2\/comments?post=204"}],"version-history":[{"count":0,"href":"https:\/\/usagers-transports.haut-allier.eu\/index.php\/wp-json\/wp\/v2\/posts\/204\/revisions"}],"wp:attachment":[{"href":"https:\/\/usagers-transports.haut-allier.eu\/index.php\/wp-json\/wp\/v2\/media?parent=204"}],"wp:term":[{"taxonomy":"category","embeddable":true,"href":"https:\/\/usagers-transports.haut-allier.eu\/index.php\/wp-json\/wp\/v2\/categories?post=204"},{"taxonomy":"post_tag","embeddable":true,"href":"https:\/\/usagers-transports.haut-allier.eu\/index.php\/wp-json\/wp\/v2\/tags?post=204"}],"curies":[{"name":"wp","href":"https:\/\/api.w.org\/{rel}","templated":true}]}}