{"id":205,"date":"2015-05-15T04:11:00","date_gmt":"2015-05-15T02:11:00","guid":{"rendered":"http:\/\/5.45.101.177\/haut-allier\/usagers-transportse\/index.php\/2015\/05\/15\/ligne-du-train-cevenol-la205\/"},"modified":"2015-05-15T04:11:00","modified_gmt":"2015-05-15T02:11:00","slug":"ligne-du-train-cevenol-la205","status":"publish","type":"post","link":"https:\/\/usagers-transports.haut-allier.eu\/index.php\/2015\/05\/15\/ligne-du-train-cevenol-la205\/","title":{"rendered":"Ligne du train C\u00e9venol : la manifestation du 15 mai \u00e0 N\u00eemes [MAJ]"},"content":{"rendered":"<p>Pour le retour du train Intercit\u00e9s TET Le C\u00e9venol sur son parcours initial Paris &#8211; Clermont Ferrand &#8211; N\u00eemes &#8211; Marseille,<br \/>\n&nbsp;<br \/>\nPour l&rsquo;am\u00e9lioration de sa promotion,<br \/>\n&nbsp;<br \/>\nPour le maintien du statut de train d&rsquo;\u00e9quilibre du territoire,<br \/>\n&nbsp;<br \/>\nPour le remplacement de ses rames obsol\u00e8tes,<br \/>\n&nbsp;<br \/>\nPour la r\u00e9ouverture imm\u00e9diate des guichets et des gares de la ligne des C\u00e9vennes,<br \/>\n&nbsp;<br \/>\n<strong>Grande Manifestation le Vendredi 15 Mai 2015 \u00e0 14 heures<\/strong><br \/>\n&nbsp;<br \/>\n<strong>Devant la Gare de N\u00eemes<\/strong><br \/>\n&nbsp;<br \/>\nUne motion sera d\u00e9pos\u00e9e \u00e0 la pr\u00e9fecture du Gard proche.<br \/>\n&nbsp;<br \/>\n<img decoding=\"async\" src=\"IMG\/jpg\/Le_Cevenole_jpg.jpg\" alt=\"Le_Cevenole_jpg.jpg\" align=\"center\" \/><br \/>\n&nbsp;<br \/>\nInitiative lanc\u00e9e par l&rsquo;<a href=\"http:\/\/www.defense-promotion-cevenol.fr\/site\/\">association des \u00e9lus pour la d\u00e9fense du C\u00e9venol et de la ligne Paris &#8211; N\u00eemes &#8211; Marseille<\/a>.<br \/>\n&nbsp;<br \/>\n<img decoding=\"async\" src=\"IMG\/jpg\/manif_cevenol-nimes_20150515.jpg\" alt=\"manif_cevenol-nimes_20150515.jpg\" align=\"center\" \/><br \/>\n&nbsp;<br \/>\nL&rsquo;affiche officielle ci-dessus.<br \/>\n&nbsp;<br \/>\n<strong>Dans les m\u00e9dias :<\/strong><br \/>\n&nbsp;<\/p>\n<p>&#8211; France Bleu Gard Loz\u00e8re le 15 mai \u00e0 7h :<\/p>\n<p>[(<br \/>\nLes usagers du train C\u00e9venol passent \u00e0 l&rsquo;action\u00a0: nouvelle mobilisation aujourd&rsquo;hui pour d\u00e9fendre la ligne N\u00eemes Clermont-Ferrand. Mais cette fois les membres du collectif vont d\u00e9poser une motion \u00e0 la pr\u00e9fecture pour demander le maintien du statut national du C\u00e9venol et la r\u00e9ouverture des guichets. Le rassemblement est pr\u00e9vu \u00e0 N\u00eemes \u00e0 partir de 14h00 cette apr\u00e8s-midi.)]<\/p>\n<p>&nbsp;<\/p>\n<p>&#8211; France Bleu Gard Loz\u00e8re le 15 mai \u00e0 18h :<br \/>\n&nbsp;<\/p>\n<p><a href=\"IMG\/mp3\/usagers-transports-haut-allier-eu-fbgl-2015-05-15-18h15.mp3\">usagers-transports-haut-allier-eu-fbgl-2015-05-15-18h15.mp3<\/a><\/p>\n<p>&nbsp;<\/p>\n<p>&#8211; France 3 Languedoc Roussillon le 15 mai \u00e0 19h :<br \/>\n&nbsp;<\/p>\n<p><a href=\"IMG\/mp4\/usagers-transports-haut-allier-eu-15-mai-2015-nimes-gare.mp4\">usagers-transports-haut-allier-eu-15-mai-2015-nimes-gare.mp4<\/a><\/p>\n","protected":false},"excerpt":{"rendered":"<p>Pour le retour du train Intercit\u00e9s TET Le C\u00e9venol sur son parcours initial Paris &#8211; Clermont Ferrand &#8211;<\/p>\n","protected":false},"author":1,"featured_media":0,"comment_status":"closed","ping_status":"open","sticky":false,"template":"","format":"standard","meta":{"footnotes":""},"categories":[3],"tags":[],"class_list":["post-205","post","type-post","status-publish","format-standard","hentry","category-en-train"],"_links":{"self":[{"href":"https:\/\/usagers-transports.haut-allier.eu\/index.php\/wp-json\/wp\/v2\/posts\/205","targetHints":{"allow":["GET"]}}],"collection":[{"href":"https:\/\/usagers-transports.haut-allier.eu\/index.php\/wp-json\/wp\/v2\/posts"}],"about":[{"href":"https:\/\/usagers-transports.haut-allier.eu\/index.php\/wp-json\/wp\/v2\/types\/post"}],"author":[{"embeddable":true,"href":"https:\/\/usagers-transports.haut-allier.eu\/index.php\/wp-json\/wp\/v2\/users\/1"}],"replies":[{"embeddable":true,"href":"https:\/\/usagers-transports.haut-allier.eu\/index.php\/wp-json\/wp\/v2\/comments?post=205"}],"version-history":[{"count":0,"href":"https:\/\/usagers-transports.haut-allier.eu\/index.php\/wp-json\/wp\/v2\/posts\/205\/revisions"}],"wp:attachment":[{"href":"https:\/\/usagers-transports.haut-allier.eu\/index.php\/wp-json\/wp\/v2\/media?parent=205"}],"wp:term":[{"taxonomy":"category","embeddable":true,"href":"https:\/\/usagers-transports.haut-allier.eu\/index.php\/wp-json\/wp\/v2\/categories?post=205"},{"taxonomy":"post_tag","embeddable":true,"href":"https:\/\/usagers-transports.haut-allier.eu\/index.php\/wp-json\/wp\/v2\/tags?post=205"}],"curies":[{"name":"wp","href":"https:\/\/api.w.org\/{rel}","templated":true}]}}