{"id":206,"date":"2015-04-21T13:40:42","date_gmt":"2015-04-21T11:40:42","guid":{"rendered":"http:\/\/5.45.101.177\/haut-allier\/usagers-transportse\/index.php\/2015\/04\/21\/ligne-ferroviaire-beziers206\/"},"modified":"2015-04-21T13:40:42","modified_gmt":"2015-04-21T11:40:42","slug":"ligne-ferroviaire-beziers206","status":"publish","type":"post","link":"https:\/\/usagers-transports.haut-allier.eu\/index.php\/2015\/04\/21\/ligne-ferroviaire-beziers206\/","title":{"rendered":"Ligne ferroviaire B\u00e9ziers &#8211; Neussargues &#8211; Clermont Fd : manifestation le 25 avril \u00e0 Millau [MAJ]"},"content":{"rendered":"<p>A l&rsquo;initiative de \u00ab\u00a0<a href=\"http:\/\/www.convergence-nationale-rail.fr\/\">Convergence nationale rail<\/a>\u00a0\u00bb :<br \/>\n&nbsp;<\/p>\n<p><strong>Rassemblement \u00ab des mille papiers \u00bb<br \/>\nMILLAU 25 avril 2015<br \/>\npour d\u00e9fendre \u00e0 la fois l&rsquo;intercit\u00e9s \u00ab\u00a0L&rsquo;Aubrac\u00a0\u00bb<br \/>\net toutes les lignes menac\u00e9es en France !<\/strong><br \/>\n&nbsp;<\/p>\n<p>Programme :<br \/>\n&nbsp;<br \/>\n8 h 30 \u2013 10 h Gare de Millau :<br \/>\nAccueil \u2013 Petit d\u00e9jeuner aveyronnais \u2013 animation musicale.<br \/>\n(Une participation financi\u00e8re sera demand\u00e9e)<\/p>\n<p>10 h Discours d\u2019accueil du Maire de Millau<br \/>\nPuis d\u00e9part de la manifestation dans les rues de Millau.<\/p>\n<p>11 h Sous-pr\u00e9fecture :<\/p>\n<p>&#8211; Installation du rassemblement des \u00ab mille papiers \u00bb que nous accrocherons aux grilles de la sous-pr\u00e9fecture. Chacun portera un stylo pour \u00e9crire ses souhaits revendicatifs sur un papier qui lui sera fourni et chacun portera une pince \u00e0 linge pour accrocher ce papier \u00e0 un syst\u00e8me que nous mettrons en place.<\/p>\n<p>&#8211; Pose de trois m\u00e8tres de rail pour symboliser l\u2019ancrage du monde cheminot avec la ville de Millau.<\/p>\n<p>&#8211; Prise de parole d&rsquo;un repr\u00e9sentant de CONVERGENCE NATIONALE RAIL<br \/>\n et conclusion par Jacky Tello pour le Comit\u00e9 Pluraliste.<\/p>\n<p>11 h 45 D\u00e9part de la manifestation jusqu\u2019\u00e0 la gare et dislocation du rassemblement.<\/p>\n<p>12 h \u2013 13 h 30 Repas tir\u00e9 du sac dans une salle \u00e0 proximit\u00e9 de la gare.<br \/>\n&nbsp;<\/p>\n<p><em>Contact pr\u00e9sident CNR : Jacky Tello au 06 08 17 58 87<\/em><br \/>\n&nbsp;<\/p>\n<p><strong>[Mise \u00e0 jour du 25 avril]<\/strong><br \/>\n&nbsp;<\/p>\n<p><strong>Dans les m\u00e9dias :<\/strong><br \/>\n&nbsp;<br \/>\nOn retiendra surtout de tous ces reportages le lamentable ressenti suivant : Maintenez l&rsquo;Aubrac pour pr\u00e9server nos emplois de cheminots !<br \/>\n&nbsp;<br \/>\n<strong>Pour nous usagers il s&rsquo;agit d&rsquo;un discours mortif\u00e8re, r\u00e9voltant, \u00e0 tr\u00e8s court terme, sans vision, et qui va \u00e0 l&rsquo;encontre des objectifs souhait\u00e9s : il ne s&rsquo;agit pas de sauver le train Aibrac pour les salari\u00e9s qui y travaillent MAIS BIEN POUR LES USAGERS qui exigent une offre de service correcte de la part du gestionnaire !!! <\/strong><br \/>\n&nbsp;<br \/>\n&#8211; L&rsquo;express du 21 Avril : <a href=\"http:\/\/lentreprise.lexpress.fr\/actualites\/1\/actualites\/intercites-un-collectif-appelle-les-elus-au-sursaut_1673470.html\">Intercit\u00e9s, un collectif appelle les \u00e9lus au \u00ab\u00a0sursaut\u00a0\u00bb<\/a><br \/>\n&#8211; Le Journal de Millau : <a href=\"http:\/\/www.journaldemillau.fr\/actualite\/2015\/04\/23\/sncf-le-dernier-combat-a-millau\/\">SNCF : Le dernier combat \u00e0 Millau ?<\/a><br \/>\n&#8211; La D\u00e9p\u00eache du Midi : <a href=\"http:\/\/www.ladepeche.fr\/article\/2015\/04\/23\/2092371-la-mobilisation-pour-le-train-de-l-aubrac-se-poursuit.html\">La mobilisation pour le train de l&rsquo;Aubrac se poursuit<\/a>.<br \/>\n&#8211; France Bleu H\u00e9rault vendredi 24 avril 18h, on en parle sur le mode de la moquerie&#8230;  [script] :<br \/>\n&nbsp;<\/p>\n<p>[(<br \/>\nLa SNCF va-t-elle fermer la ligne entre B\u00e9ziers et Clermont-Ferrand\u00a0?<br \/>\n&nbsp;<br \/>\nOui la question n&rsquo;est vraiment pas nouvelle mais elle se pose \u00e0 nouveau avec le rapport Duron. Le gouvernement a confi\u00e9 au d\u00e9put\u00e9 Duron une \u00e9tude sur ce qu&rsquo;on appelle les trains d&rsquo;\u00e9quilibre du territoire, c&rsquo;est un joli nom, joli nom pour d\u00e9signer les trains qui ne sont pas rentables du tout. Les partisans du train de l&rsquo;Aubrac vont manifester \u00e0 nouveau demain \u00e0 Millau.<br \/>\n&nbsp;<br \/>\nOn l&rsquo;appelle train de l&rsquo;Aubrac mais aussi train des champignons tant le convoi ralentit \u00e0 certains endroits o\u00f9 les rails v\u00e9tustes poseraient des probl\u00e8mes de s\u00e9curit\u00e9 \u00e0 vitesse normale. Si lentement qu&rsquo;on peut se pencher pour cueillir des champignons s&rsquo;amusent les rares voyageurs qui l&#8217;empruntent encore. Moins de 50 000 par an. Un aller retour par jour. Cela dit sur des portions de parcours il y a des voyageurs\u00a0: entre B\u00e9darieux Magalas et B\u00e9ziers notamment, une centaine de r\u00e9guliers chaque jour avec 4 allers et retours dont un par autocar. 35 minutes de trajet et l&rsquo;application du tarif \u00e0 un euro aux heures creuses&#8230; En fait quand c&rsquo;est l&rsquo;autocar. Sinon 4 euros l&rsquo;aller simple. Mais ce r\u00e9sultat partiel, en soit tr\u00e8s modeste ne compense pas la faiblesse financi\u00e8re de l&rsquo;ensemble pour la SNCF qui a d&rsquo;autres priorit\u00e9s, au grand dam de ceux qui vont manifester au nom de la d\u00e9fense du service public.<br \/>\n&nbsp;<br \/>\nManifestation demain \u00e0 Millau pour les partisans du train de l&rsquo;Aubrac.<\/p>\n<p>)]<\/p>\n<p>&#8211; France 3 Languedoc Roussillon au journal de 19 heures du 25 avril [script] :<\/p>\n<p>[(<br \/>\nSon nom invite au voyage\u00a0: la ligne des Causses est une ligne de trains reliant le Cantal et l\u2019H\u00e9rault de Neussargues en Auvergne \u00e0 B\u00e9ziers en Languedoc Roussillon. Elle traverse l&rsquo;Aubrac mais elle est menac\u00e9e. Aujourd\u2019hui pr\u00e8s de 600 personnes se sont mobilis\u00e9s pour la d\u00e9fendre \u00e0 Millau. Reportage.<br \/>\n&nbsp;<br \/>\nOn les appelle l&rsquo;Aubrac ou le C\u00e9venol, des trains Intercit\u00e9s qui ont depuis quelques d\u00e9cennies leurs d\u00e9fenseurs. aujourd\u2019hui ils \u00e9taient plus de 600 rassembl\u00e9s \u00e0 Millau. Dans la foule\u00a0: \u00e9lus cheminots ou simples citoyens de la r\u00e9gion venus exprimer leurs inqui\u00e9tudes face \u00e0 une disparition imminente de ces trains dits d&rsquo;\u00e9quilibre du territoire.<br \/>\n&nbsp;<br \/>\n<strong>\u00ab\u00a0Ca peut \u00eatre retard\u00e9 mais ce qui se fera se fera.\u00a0\u00bb <\/strong><br \/>\n&nbsp;<br \/>\nVous \u00eates pas tr\u00e8s confiant\u00a0?<br \/>\n&nbsp;<br \/>\n<strong>\u00ab\u00a0Je pense que ce sera difficile. Si on fait rien c&rsquo;est encore pire.\u00a0\u00bb<\/strong><br \/>\n&nbsp;<br \/>\n<strong>\u00ab\u00a0Je suis venu par solidarit\u00e9 avec les cheminots, premi\u00e8rement, essayer de faire en sorte que les services publics redeviennent ce qu&rsquo;ils \u00e9taient c&rsquo;est-\u00e0-dire faits pour le public.\u00a0\u00bb  <\/strong><br \/>\n&nbsp;<br \/>\nAu c\u0153ur du d\u00e9bat la fameuse liaison B\u00e9ziers Neussargues trait d&rsquo;union historique entre zones urbaines et rurales. Une ligne \u00e0 l&rsquo;agonie jug\u00e9e pourtant indispensable tant pour le fret que pour les voyageurs.<br \/>\n&nbsp;<br \/>\nJacky Tello, pr\u00e9sident du comit\u00e9 pluraliste :<br \/>\n<strong>\u00ab Il faut revenir \u00e0 une d\u00e9cision qui est sage, c&rsquo;est-\u00e0-dire le maintien de l&rsquo;Aubrac, le maintien du C\u00e9venol, la reprise de la modernisation de telle sorte \u00e0 donner un outil utile mais qui est fort indispensable au territoire du massif central.\u00a0\u00bb<\/strong><br \/>\n&nbsp;<br \/>\nR\u00e9unis devant la sous-pr\u00e9fecture de Millau les cheminots ont pos\u00e9 symboliquement des rails pour montrer leur attachement \u00e0 un r\u00e9seau qu&rsquo;ils comptent bien d\u00e9fendre jusqu&rsquo;au bout.<br \/>\n&nbsp;<br \/>\nSt\u00e9phane Chauchard, employ\u00e9 SNCF :<br \/>\n<strong>\u00ab\u00a0Ils veulent tout nous casser, tout nous crever et nous on veut garder notre m\u00e9tier et rester l\u00e0 dans la r\u00e9gion et voil\u00e0 quoi.\u00a0\u00bb <\/strong><br \/>\n&nbsp;<br \/>\nIl y a combien d&#8217;emplois sur cette ligne\u00a0?<br \/>\n&nbsp;<br \/>\n<strong>\u00ab\u00a0Il y a 550 ou 560 emplois et sur Millau il y a 80, 83 familles \u00e0 peu pr\u00e8s.\u00a0\u00bb <\/strong><br \/>\n&nbsp;<br \/>\nD&rsquo;autres actions se profilent d\u00e9j\u00e0 sur tout le territoire pour d\u00e9fendre l&rsquo;ensemble des lignes menac\u00e9es, pour sauver l&rsquo;Aubrac vou\u00e9 \u00e0 dispara\u00eetre d\u00e8s septembre. Les syndicats comptent bien de leurs c\u00f4t\u00e9s encourager un maximum d&rsquo;\u00e9lus \u00e0 venir rejoindre le combat.   <\/p>\n<p>)]<\/p>\n<p>&#8211; France 3 Limousin : <a href=\"http:\/\/france3-regions.francetvinfo.fr\/limousin\/2015\/04\/25\/manifestation-millau-pour-defendre-le-maintien-de-la-ligne-polt-712293.html\">Manifestation \u00e0 Millau pour d\u00e9fendre le maintien de la ligne POLT<\/a><\/p>\n<p>&#8211; France Inter 25 avril : <a href=\"http:\/\/www.franceinter.fr\/depeche-sauver-les-intercites\">Sauver les Intercit\u00e9s<\/a><\/p>\n<p>&#8211; France 3 Midi Pyr\u00e9n\u00e9es du 25 avril : <a href=\"http:\/\/france3-regions.francetvinfo.fr\/midi-pyrenees\/2015\/04\/25\/manifestation-millau-contre-la-disparition-de-la-ligne-ferroviaire-beziers-neussarges-712141.html\">Manifestation \u00e0 Millau contre la disparition de la ligne ferroviaire B\u00e9ziers-Neussarges.<\/a><br \/>\n&nbsp;<br \/>\n<iframe loading=\"lazy\" frameborder=\"0\" width=\"512\" height=\"340\" src=\"http:\/\/api.dmcloud.net\/player\/embed\/4f3d114d94a6f66945000325\/553bc02594a6f640b4fe237f\/67c80e0fd5a3468b9512751b2a411492?exported=1\"><\/iframe><\/p>\n","protected":false},"excerpt":{"rendered":"<p>A l&rsquo;initiative de \u00ab\u00a0Convergence nationale rail\u00a0\u00bb : &nbsp; Rassemblement \u00ab des mille papiers \u00bb MILLAU 25 avril 2015<\/p>\n","protected":false},"author":1,"featured_media":0,"comment_status":"closed","ping_status":"open","sticky":false,"template":"","format":"standard","meta":{"footnotes":""},"categories":[3],"tags":[],"class_list":["post-206","post","type-post","status-publish","format-standard","hentry","category-en-train"],"_links":{"self":[{"href":"https:\/\/usagers-transports.haut-allier.eu\/index.php\/wp-json\/wp\/v2\/posts\/206","targetHints":{"allow":["GET"]}}],"collection":[{"href":"https:\/\/usagers-transports.haut-allier.eu\/index.php\/wp-json\/wp\/v2\/posts"}],"about":[{"href":"https:\/\/usagers-transports.haut-allier.eu\/index.php\/wp-json\/wp\/v2\/types\/post"}],"author":[{"embeddable":true,"href":"https:\/\/usagers-transports.haut-allier.eu\/index.php\/wp-json\/wp\/v2\/users\/1"}],"replies":[{"embeddable":true,"href":"https:\/\/usagers-transports.haut-allier.eu\/index.php\/wp-json\/wp\/v2\/comments?post=206"}],"version-history":[{"count":0,"href":"https:\/\/usagers-transports.haut-allier.eu\/index.php\/wp-json\/wp\/v2\/posts\/206\/revisions"}],"wp:attachment":[{"href":"https:\/\/usagers-transports.haut-allier.eu\/index.php\/wp-json\/wp\/v2\/media?parent=206"}],"wp:term":[{"taxonomy":"category","embeddable":true,"href":"https:\/\/usagers-transports.haut-allier.eu\/index.php\/wp-json\/wp\/v2\/categories?post=206"},{"taxonomy":"post_tag","embeddable":true,"href":"https:\/\/usagers-transports.haut-allier.eu\/index.php\/wp-json\/wp\/v2\/tags?post=206"}],"curies":[{"name":"wp","href":"https:\/\/api.w.org\/{rel}","templated":true}]}}