{"id":207,"date":"2015-05-04T13:41:00","date_gmt":"2015-05-04T11:41:00","guid":{"rendered":"http:\/\/5.45.101.177\/haut-allier\/usagers-transportse\/index.php\/2015\/05\/04\/la-sncf-sur-les-intercites-aubrac207\/"},"modified":"2015-05-04T13:41:00","modified_gmt":"2015-05-04T11:41:00","slug":"la-sncf-sur-les-intercites-aubrac207","status":"publish","type":"post","link":"https:\/\/usagers-transports.haut-allier.eu\/index.php\/2015\/05\/04\/la-sncf-sur-les-intercites-aubrac207\/","title":{"rendered":"La SNCF sur les Intercit\u00e9s Aubrac et C\u00e9venol : \u00ab\u00a0On va remettre les lignes sur la carte mais pour le reste c&rsquo;est pas nous&#8230;\u00a0\u00bb [MAJ]"},"content":{"rendered":"<p><strong>[Mise \u00e0 jour du 4 Mai]<\/strong><br \/>\n&nbsp;<br \/>\nUn mois et quelques jours apr\u00e8s notre coup de gueule et apr\u00e8s la r\u00e9ponse de la SNCF (en bas de page) voil\u00e0 qu&rsquo;enfin une carte plus proche de la r\u00e9alit\u00e9 remplace la carte sc\u00e9l\u00e9rate. En fait encore une carte fausse puisque la ligne de l&rsquo;Aubrac est dessin\u00e9e partant de la capitale (plus pour longtemps) de la r\u00e9gion Montpellier et non de B\u00e9ziers ET que le C\u00e9venol a pour origine Avignon et non N\u00eemes. Mais enfin quand l&rsquo;incomp\u00e9tence persiste on s&rsquo;en contentera&#8230; Que les Dieux du Trait de Photoshop ou de GIMP en soient remerci\u00e9s quand m\u00eame. La correction a d\u00fb co\u00fbter tr\u00e8s cher \u00e0 la soci\u00e9t\u00e9 dite ferroviaire.<br \/>\n&nbsp;<br \/>\n<img decoding=\"async\" src=\"IMG\/png\/carte-intercites_pleine-page2-4mai2015.png\" alt=\"carte-intercites_pleine-page2-4mai2015.png\" align=\"center\" \/><br \/>\n&nbsp;<\/p>\n<p><strong>[Article du 27 Avril]<\/strong><br \/>\n&nbsp;<br \/>\n<strong>Oh oui c&rsquo;est une erreur malheureuse d&rsquo;on ne sait qui cette disparition des lignes Aubrac et C\u00e9venol sur la carte de notre r\u00e9seau Intercit\u00e9s de notre site, allez, on demande au service concern\u00e9 de corriger la carte&#8230; <\/strong><br \/>\n&nbsp;<br \/>\n<strong>Oh mais non pour leur avenir on sait pas : on est comme vous hein, dans l&rsquo;attente des conclusions des travaux de la commission Duron&#8230; <\/strong><br \/>\n&nbsp;<br \/>\nC&rsquo;est en r\u00e9sum\u00e9 la r\u00e9ponse que nous a fait parvenir la SNCF aux <a href=\"http:\/\/usagers-transports.haut-allier.eu\/?suppression-des-trains-intercites,201\"> remarques<\/a> de d\u00e9but avril.<br \/>\n&nbsp;<br \/>\nA ce jour lundi 27 avril, un mois apr\u00e8s notre lettre <a href=\"http:\/\/www.sncf.com\/fr\/trains\/intercites\/reseau\"> la carte<\/a> est toujours en l&rsquo;\u00e9tat. Et pour le <em>C&rsquo;est pas nous c&rsquo;est la commission Duron<\/em> c&rsquo;est trop facile. Bien trop facile.<br \/>\n&nbsp;<br \/>\n<strong>Non nous ne vous l\u00e2cherons pas car :<\/strong><br \/>\n&nbsp;<br \/>\n&#8211; votre non entretien du r\u00e9seau secondaire et des petites lignes pendant 40 ans,<br \/>\n&#8211; votre d\u00e9sint\u00e9r\u00eat des lignes qui rapportent moins,<br \/>\n&#8211; votre absence de promotion sur ces lignes \u00e0 fort potentiel touristique durant 40 ans,<br \/>\n&#8211; votre refus d&rsquo;\u00e9volution vers du mat\u00e9riel roulant plus adapt\u00e9,<br \/>\n&#8211; votre non entretien des gares,<br \/>\n&#8211; votre offre de services \u00e0 bord des trains inexistante,<br \/>\n&nbsp;<\/p>\n<p>ont fait que les usagers se sont d\u00e9tourn\u00e9s de vos trains. Et vous persistez. Jusqu&rsquo;\u00e0 leur mort et leur fermeture. C&rsquo;est votre but. Nous le savons.<br \/>\n&nbsp;<br \/>\n<strong>Et bien sachez qu&rsquo;il reste encore des volontaires pour vous en emp\u00eacher, pour vous forcer \u00e0 vous remettre \u00e0 votre boulot, pour d\u00e9noncer vos abandons, pour d\u00e9noncer le d\u00e9mant\u00e8lement du service public, et vous en rendre responsable publiquement.<\/strong><br \/>\n&nbsp;<br \/>\nNon ce n&rsquo;est pas les politiques et la commission Duron qui ont abandonn\u00e9 le r\u00e9seau secondaire et les lignes de montagne, <strong>C&rsquo;EST VOUS LA SNCF !!!<\/strong><br \/>\n&nbsp;<br \/>\n<img loading=\"lazy\" decoding=\"async\" class=\" aligncenter size-full wp-image-1608\" src=\"http:\/\/5.45.101.177\/haut-allier\/usagers-transportse\/wp-content\/uploads\/2015\/05\/image.jpg\" alt=\"image.jpg\" align=\"center\" width=\"566\" height=\"800\" srcset=\"https:\/\/usagers-transports.haut-allier.eu\/wp-content\/uploads\/2015\/05\/image.jpg 566w, https:\/\/usagers-transports.haut-allier.eu\/wp-content\/uploads\/2015\/05\/image-212x300.jpg 212w\" sizes=\"auto, (max-width: 566px) 100vw, 566px\" \/><\/p>\n","protected":false},"excerpt":{"rendered":"<p>[Mise \u00e0 jour du 4 Mai] &nbsp; Un mois et quelques jours apr\u00e8s notre coup de gueule et<\/p>\n","protected":false},"author":1,"featured_media":1608,"comment_status":"closed","ping_status":"open","sticky":false,"template":"","format":"standard","meta":{"footnotes":""},"categories":[3],"tags":[],"class_list":["post-207","post","type-post","status-publish","format-standard","has-post-thumbnail","hentry","category-en-train"],"_links":{"self":[{"href":"https:\/\/usagers-transports.haut-allier.eu\/index.php\/wp-json\/wp\/v2\/posts\/207","targetHints":{"allow":["GET"]}}],"collection":[{"href":"https:\/\/usagers-transports.haut-allier.eu\/index.php\/wp-json\/wp\/v2\/posts"}],"about":[{"href":"https:\/\/usagers-transports.haut-allier.eu\/index.php\/wp-json\/wp\/v2\/types\/post"}],"author":[{"embeddable":true,"href":"https:\/\/usagers-transports.haut-allier.eu\/index.php\/wp-json\/wp\/v2\/users\/1"}],"replies":[{"embeddable":true,"href":"https:\/\/usagers-transports.haut-allier.eu\/index.php\/wp-json\/wp\/v2\/comments?post=207"}],"version-history":[{"count":0,"href":"https:\/\/usagers-transports.haut-allier.eu\/index.php\/wp-json\/wp\/v2\/posts\/207\/revisions"}],"wp:featuredmedia":[{"embeddable":true,"href":"https:\/\/usagers-transports.haut-allier.eu\/index.php\/wp-json\/wp\/v2\/media\/1608"}],"wp:attachment":[{"href":"https:\/\/usagers-transports.haut-allier.eu\/index.php\/wp-json\/wp\/v2\/media?parent=207"}],"wp:term":[{"taxonomy":"category","embeddable":true,"href":"https:\/\/usagers-transports.haut-allier.eu\/index.php\/wp-json\/wp\/v2\/categories?post=207"},{"taxonomy":"post_tag","embeddable":true,"href":"https:\/\/usagers-transports.haut-allier.eu\/index.php\/wp-json\/wp\/v2\/tags?post=207"}],"curies":[{"name":"wp","href":"https:\/\/api.w.org\/{rel}","templated":true}]}}