{"id":208,"date":"2015-04-28T08:51:00","date_gmt":"2015-04-28T06:51:00","guid":{"rendered":"http:\/\/5.45.101.177\/haut-allier\/usagers-transportse\/index.php\/2015\/04\/28\/ligne-du-cevenol-deraillement-d-un208\/"},"modified":"2015-04-28T08:51:00","modified_gmt":"2015-04-28T06:51:00","slug":"ligne-du-cevenol-deraillement-d-un208","status":"publish","type":"post","link":"https:\/\/usagers-transports.haut-allier.eu\/index.php\/2015\/04\/28\/ligne-du-cevenol-deraillement-d-un208\/","title":{"rendered":"Ligne du C\u00e9venol : d\u00e9raillement d&rsquo;un train \u00e0 Alleyras suite \u00e0 l&rsquo;effondrement g\u00e9n\u00e9ral de la paroi rocheuse [MAJ]"},"content":{"rendered":"<p><strong>[MAJ du 29 avril 11h]<\/strong><br \/>\n&nbsp;<br \/>\nNous avons pu interroger le conducteur de ce train. Il nous pr\u00e9cise que les 4 derniers wagons ont bien d\u00e9raill\u00e9 tels que nous l&rsquo;avaient indiqu\u00e9 les techniciens d&rsquo;HydroKarst hier matin et sont hors d&rsquo;usage. Le train revenait de d\u00e9poser des traverses en b\u00e9ton et rentrait \u00e0 sa gare d&rsquo;attache vers deux heures du matin et sous la pluie. Le conducteur n&rsquo;a rien senti de sp\u00e9cial lors de l&rsquo;\u00e9boulement nous a-t-il confi\u00e9. Ils \u00e9tait deux \u00e0 bords avec le cheminot en queue de train qui le guidait au talkie walkie, le train manoeuvrant en marche invers\u00e9e.<br \/>\n&nbsp;<br \/>\n<strong>Il aurait \u00e9t\u00e9 d\u00e9cid\u00e9 entre les responsables de la SNCF et ceux du Conseil d\u00e9partemental de Haute-Loire la purge des autres rochers mena\u00e7ant de glisser, une fois que l&rsquo;avant du train aura \u00e9t\u00e9 d\u00e9gag\u00e9. Une purge sur les 4 derniers wagons qui seront donc sacrifi\u00e9s vu leur \u00e9tat.<\/strong><br \/>\n&nbsp;<br \/>\nPas de bless\u00e9 fort heureusement.<br \/>\n&nbsp;<\/p>\n<p><strong>[Article du 28 avril 9h30]<\/strong><br \/>\n&nbsp;<br \/>\nCette nuit de mardi 28 avril vers 2 heures du matin toute la paroi rocheuse au dessus de l\u2019\u00e9boulement du 23 mars entre Pont d\u2019Alleyras et Saint-Didier d\u2019Allier, du c\u00f4t\u00e9 du barrage de Pout\u00e8s, a gliss\u00e9 et s\u2019est effondr\u00e9e sur la voie ferr\u00e9e du train C\u00e9venol impactant les 4 derniers wagons d&rsquo;un train de travaux qui a d\u00e9raill\u00e9 et est bloqu\u00e9 sur les voies.<br \/>\n&nbsp;<br \/>\n<img decoding=\"async\" src=\"IMG\/jpg\/deraillement-ligne-cevenol-eboulement-28-avril-2015-poutes-s-00-web-ac.jpg\" alt=\"deraillement-ligne-cevenol-eboulement-28-avril-2015-poutes-s-00-web-ac.jpg\" align=\"center\" \/><br \/>\n&nbsp;<br \/>\nD\u00e9j\u00e0 les travaux de d\u00e9gagement de la RD40 suite au premier glissement s&rsquo;av\u00e9raient d\u00e9licats mais les rochers avaient \u00e9t\u00e9 retenus par la murette de la petite route. Cette nuit c&rsquo;est tout le pan de montagne qui est tomb\u00e9 entrainant tout sur sa lanc\u00e9e, syst\u00e8mes de retenues install\u00e9s par les techniciens compris. Venus sur place ce matin ces derniers n&rsquo;ont pu que constater la situation.<br \/>\n&nbsp;<br \/>\nC&rsquo;est en tous cas de tr\u00e8s mauvais augure pour la r\u00e9ouverture de la D40 d\u00e9but mai et surtout pour la circulation des trains sur la ligne du C\u00e9venol qui est bien s\u00fbr interrompue jusqu&rsquo;\u00e0 nouvel ordre. Une coupure des circulations pour travaux \u00e9tait \u00e9galement pr\u00e9vue de fin mai \u00e0 fin juin.<br \/>\n&nbsp;<\/p>\n<p>Voici les horaires de substitution, bus et taxis \u00e0 la demande, mis en place par TER Auvergne.<br \/>\n&nbsp;<br \/>\n<a href=\"IMG\/pdf\/cleni28et29avrilV3_tcm52-7935_tcm52-32066.pdf\">cleni28et29avrilV3_tcm52-7935_tcm52-32066.pdf<\/a><br \/>\n&nbsp;<br \/>\nLe communiqu\u00e9 de TER Languedoc Roussillon :<br \/>\n&nbsp;<\/p>\n<p>[(<br \/>\nEboulement Ligne N\u00eemes &#8211; Clermont Ferrand<\/p>\n<p>La circulation des trains est interrompue entre Chapeauroux et Ministrol d&rsquo;Allier jusqu&rsquo;\u00e0 nouvel avis en raison d&rsquo;un \u00e9boulement, en cons\u00e9quence :<br \/>\n&nbsp;<\/p>\n<p>15957 Clermont 12h49 N\u00eemes: 17h58<br \/>\nsupprim\u00e9 de Langeac \u00e0 La Bastide<br \/>\nsubstitution par autocar \u00ab\u00a0migratour\u00a0\u00bb d\u00e9part 14h20<\/p>\n<hr \/>\n<p>15952 N\u00eemes 14h11 Clermont 19h16<br \/>\nsupprim\u00e9 de La bastide \u00e0 Langeac<br \/>\nsubstitution par utocar \u00ab\u00a0migratour\u00a0\u00bb d\u00e9part 16H05<\/p>\n<hr \/>\n<p>873995 Clermont 16h40 N\u00eemes 22h00<br \/>\nsupprim\u00e9 de Clermont \u00e0 Langogne<br \/>\n&nbsp;<br \/>\nLes clients empruntent le ter 873803 jusqu&rsquo;\u00e0 Arvant puis un bus \u00ab\u00a0Migratour\u00a0\u00bb de Arvant \u00e0 Langogne avec desserte Brioude, St George d&rsquo;aurac, Langeac, TAD pour les gares Monistrol d&rsquo;allier, Alleyras, Chapeauroux.<br \/>\nA st Georges d&rsquo;aurac le bus 31345 pour le Puy attend le bus de substitution du 873995 <\/p>\n<hr \/>\n<p>873994 N\u00eemes 16h59 Clermont 22h26<br \/>\nsupprim\u00e9 de Langogne \u00e0 Clermont<br \/>\n&nbsp;<br \/>\nSubstitution par Autocar \u00ab\u00a0Migratour\u00a0\u00bb de Langogne \u00e0 Clermont<br \/>\n&nbsp;<br \/>\nLes clients \u00e0 destination de Clermont Ferrand sont invit\u00e9s \u00e0 s&rsquo;acheminer par Lyon afin de limiter les risques de ruptures de correspondances et les difficult\u00e9s de report sur cet axe<br \/>\n)]<br \/>\n&nbsp;<\/p>\n<p><strong>Dans les m\u00e9dias :<\/strong><br \/>\n&nbsp;<\/p>\n<p>&#8211; France 3 Languedoc Roussillon le 30 avril \u00e0 12h [script] :<br \/>\n&nbsp;<\/p>\n<p>[(<br \/>\nC&rsquo;est une sacr\u00e9e mal\u00e9diction qui plane sur la ligne du train C\u00e9venol. Ferm\u00e9e pendant de nombreuses semaines elle avait rouvert il y a quelques jours. Quelques jours seulement le temps qu&rsquo;un nouvel \u00e9boulement ne vienne encore stopper ce train. Un \u00e9boulement vous allez le voir, spectaculaire. En Loz\u00e8re.<br \/>\n&nbsp;<br \/>\nLa paroi s&rsquo;est litt\u00e9ralement d\u00e9croch\u00e9e, emport\u00e9e par la pluie des blocs de plusieurs tonnes ont coup\u00e9 la RD40 avant de s&rsquo;abattre une centaine de m\u00e8tres plus bas sur un train de chantier stationn\u00e9 sur la voie. L&rsquo;\u00e9boulement a eu lieu vers 3 heures du matin dans la nuit de lundi \u00e0 mardi dernier et n&rsquo;a pas fait de victime mais une fois encore la ligne du C\u00e9venol qui relie N\u00eemes \u00e0 Clermont-Ferrand est coup\u00e9e pour une p\u00e9riode ind\u00e9termin\u00e9e. L&rsquo;impact a fortement endommag\u00e9 la voie et a fait d\u00e9railler 4 wagons d&rsquo;un train qui \u00e9tait d\u00e9j\u00e0 sur place pour effacer les stigmates d&rsquo;un pr\u00e9c\u00e9dent \u00e9boulement. Des travaux de s\u00e9curisation de la route d\u00e9partementale \u00e9taient en cours en surplomb. En attendant une r\u00e9ouverture la ligne du C\u00e9venol est suspendue entre Langeac et Langogne. Des bus de substitution ont \u00e9t\u00e9 mis en place par la SNCF.  <\/p>\n<p>)]<\/p>\n<p>&#8211; France 3 Languedoc Roussillon journal de 19 heures du 30 avril [script] :<br \/>\n&nbsp;<\/p>\n<p>[(<br \/>\nComble de malchance \u00e0 pr\u00e9sent pour le train C\u00e9venol. Ferm\u00e9e pendant de nombreuses semaines la ligne avait rouvert il y a quelques jours. Quelques jours seulement le temps qu&rsquo;un nouvel \u00e9boulement ne vienne encore stopper ce train. Reportage sur place au Pont d&rsquo;Alleyras.<br \/>\n&nbsp;<br \/>\nLa paroi s&rsquo;est litt\u00e9ralement d\u00e9croch\u00e9e, emport\u00e9e par la pluie des blocs de plusieurs tonnes ont coup\u00e9 la RD40 avant de s&rsquo;abattre une centaine de m\u00e8tres plus bas sur un train de chantier stationn\u00e9 sur la voie. L&rsquo;\u00e9boulement a eu lieu vers 3 heures du matin dans la nuit de lundi \u00e0 mardi dernier et n&rsquo;a pas fait de victime mais une fois encore la ligne du C\u00e9venol qui relie N\u00eemes \u00e0 Clermont-Ferrand est coup\u00e9e pour une p\u00e9riode ind\u00e9termin\u00e9e. L&rsquo;impact a fortement endommag\u00e9 la voie et a fait d\u00e9railler 4 wagons d&rsquo;un train qui \u00e9tait d\u00e9j\u00e0 sur place pour effacer les stigmates d&rsquo;un pr\u00e9c\u00e9dent \u00e9boulement. Des travaux de s\u00e9curisation de la route d\u00e9partementale \u00e9taient en cours en surplomb. En attendant une r\u00e9ouverture la ligne du C\u00e9venol est suspendue entre Langeac et Langogne. Des bus de substitution ont \u00e9t\u00e9 mis en place par la SNCF.  <\/p>\n<p>)]<\/p>\n<p><iframe loading=\"lazy\" frameborder=\"0\" width=\"530\" height=\"290\" src=\"http:\/\/api.dmcloud.net\/player\/embed\/4f3d114d94a6f66945000325\/5541f04706361d35f2b83234\/af3a278aa11b4ddfb0cd2b6685001ecf?exported=1\"><\/iframe><\/p>\n","protected":false},"excerpt":{"rendered":"<p>[MAJ du 29 avril 11h] &nbsp; Nous avons pu interroger le conducteur de ce train. Il nous pr\u00e9cise<\/p>\n","protected":false},"author":1,"featured_media":0,"comment_status":"closed","ping_status":"open","sticky":false,"template":"","format":"standard","meta":{"footnotes":""},"categories":[3],"tags":[],"class_list":["post-208","post","type-post","status-publish","format-standard","hentry","category-en-train"],"_links":{"self":[{"href":"https:\/\/usagers-transports.haut-allier.eu\/index.php\/wp-json\/wp\/v2\/posts\/208","targetHints":{"allow":["GET"]}}],"collection":[{"href":"https:\/\/usagers-transports.haut-allier.eu\/index.php\/wp-json\/wp\/v2\/posts"}],"about":[{"href":"https:\/\/usagers-transports.haut-allier.eu\/index.php\/wp-json\/wp\/v2\/types\/post"}],"author":[{"embeddable":true,"href":"https:\/\/usagers-transports.haut-allier.eu\/index.php\/wp-json\/wp\/v2\/users\/1"}],"replies":[{"embeddable":true,"href":"https:\/\/usagers-transports.haut-allier.eu\/index.php\/wp-json\/wp\/v2\/comments?post=208"}],"version-history":[{"count":0,"href":"https:\/\/usagers-transports.haut-allier.eu\/index.php\/wp-json\/wp\/v2\/posts\/208\/revisions"}],"wp:attachment":[{"href":"https:\/\/usagers-transports.haut-allier.eu\/index.php\/wp-json\/wp\/v2\/media?parent=208"}],"wp:term":[{"taxonomy":"category","embeddable":true,"href":"https:\/\/usagers-transports.haut-allier.eu\/index.php\/wp-json\/wp\/v2\/categories?post=208"},{"taxonomy":"post_tag","embeddable":true,"href":"https:\/\/usagers-transports.haut-allier.eu\/index.php\/wp-json\/wp\/v2\/tags?post=208"}],"curies":[{"name":"wp","href":"https:\/\/api.w.org\/{rel}","templated":true}]}}