{"id":209,"date":"2015-04-28T14:06:13","date_gmt":"2015-04-28T12:06:13","guid":{"rendered":"http:\/\/5.45.101.177\/haut-allier\/usagers-transportse\/index.php\/2015\/04\/28\/intercites-aubrac-et-cevenol209\/"},"modified":"2015-04-28T14:06:13","modified_gmt":"2015-04-28T12:06:13","slug":"intercites-aubrac-et-cevenol209","status":"publish","type":"post","link":"https:\/\/usagers-transports.haut-allier.eu\/index.php\/2015\/04\/28\/intercites-aubrac-et-cevenol209\/","title":{"rendered":"Intercit\u00e9s Aubrac et C\u00e9venol : Pierre Morel A l&rsquo;Huissier s&rsquo;engage clairement"},"content":{"rendered":"<p>On aimerait que ce soit le cas de tous nos d\u00e9put\u00e9s, d&rsquo;une fa\u00e7on aussi limpide. Nous venons de recevoir ce courrier de soutien aux lignes des trains Intercit\u00e9s Aubrac et C\u00e9venol de la part du d\u00e9put\u00e9 de Loz\u00e8re, membre de la commission des lois.<br \/>\n&nbsp;<br \/>\n<img decoding=\"async\" src=\"IMG\/jpg\/lettre-pierre-morel-a-usagers-ht-allier-17-avril-2015-web.jpg\" alt=\"lettre-pierre-morel-a-usagers-ht-allier-17-avril-2015-web.jpg\" align=\"center\" \/><\/p>\n","protected":false},"excerpt":{"rendered":"<p>On aimerait que ce soit le cas de tous nos d\u00e9put\u00e9s, d&rsquo;une fa\u00e7on aussi limpide. Nous venons de<\/p>\n","protected":false},"author":1,"featured_media":0,"comment_status":"closed","ping_status":"open","sticky":false,"template":"","format":"standard","meta":{"footnotes":""},"categories":[3],"tags":[],"class_list":["post-209","post","type-post","status-publish","format-standard","hentry","category-en-train"],"_links":{"self":[{"href":"https:\/\/usagers-transports.haut-allier.eu\/index.php\/wp-json\/wp\/v2\/posts\/209","targetHints":{"allow":["GET"]}}],"collection":[{"href":"https:\/\/usagers-transports.haut-allier.eu\/index.php\/wp-json\/wp\/v2\/posts"}],"about":[{"href":"https:\/\/usagers-transports.haut-allier.eu\/index.php\/wp-json\/wp\/v2\/types\/post"}],"author":[{"embeddable":true,"href":"https:\/\/usagers-transports.haut-allier.eu\/index.php\/wp-json\/wp\/v2\/users\/1"}],"replies":[{"embeddable":true,"href":"https:\/\/usagers-transports.haut-allier.eu\/index.php\/wp-json\/wp\/v2\/comments?post=209"}],"version-history":[{"count":0,"href":"https:\/\/usagers-transports.haut-allier.eu\/index.php\/wp-json\/wp\/v2\/posts\/209\/revisions"}],"wp:attachment":[{"href":"https:\/\/usagers-transports.haut-allier.eu\/index.php\/wp-json\/wp\/v2\/media?parent=209"}],"wp:term":[{"taxonomy":"category","embeddable":true,"href":"https:\/\/usagers-transports.haut-allier.eu\/index.php\/wp-json\/wp\/v2\/categories?post=209"},{"taxonomy":"post_tag","embeddable":true,"href":"https:\/\/usagers-transports.haut-allier.eu\/index.php\/wp-json\/wp\/v2\/tags?post=209"}],"curies":[{"name":"wp","href":"https:\/\/api.w.org\/{rel}","templated":true}]}}