{"id":210,"date":"2015-05-04T11:48:38","date_gmt":"2015-05-04T09:48:38","guid":{"rendered":"http:\/\/5.45.101.177\/haut-allier\/usagers-transportse\/index.php\/2015\/05\/04\/ligne-du-train-cevenol-la-sncf210\/"},"modified":"2015-05-04T11:48:38","modified_gmt":"2015-05-04T09:48:38","slug":"ligne-du-train-cevenol-la-sncf210","status":"publish","type":"post","link":"https:\/\/usagers-transports.haut-allier.eu\/index.php\/2015\/05\/04\/ligne-du-train-cevenol-la-sncf210\/","title":{"rendered":"Ligne du train C\u00e9venol : la SNCF interdit l&rsquo;acc\u00e8s aux trains dans les gares du Haut-Allier [R\u00e9ponse SNCF]"},"content":{"rendered":"<p><strong>[R\u00e9ponse SNCF du 25 juin]<\/strong><br \/>\n&nbsp;<br \/>\nNous recevons une r\u00e9ponse de la direction SNCF Auvergne qui nous pr\u00e9cise qu&rsquo;ils \u00e9tudient la question. Dont acte. Attendons les rectifications.<br \/>\n&nbsp;<br \/>\n<img decoding=\"async\" src=\"IMG\/jpg\/260620153026.jpg\" alt=\"260620153026.jpg\" align=\"center\" \/><br \/>\n&nbsp;<\/p>\n<p><strong>[Article]<\/strong><br \/>\n&nbsp;<br \/>\nUn l\u00e9ger probl\u00e8me signal\u00e9 par un usager averti (en vaut deux) qui lui au moins lit les affiches :<br \/>\n&nbsp;<br \/>\n<strong>D\u00e9sormais personne n&rsquo;a plus le droit de prendre le train dans les Gorges Sauvages de l&rsquo;Allier, ni gare d&rsquo;Alleyras (la Capitale), ni \u00e0 Monistrol d&rsquo;Allier si on s&rsquo;en remet aux affichages de la Division Gares et Connexions de la SNCF. <\/strong><br \/>\n&nbsp;<br \/>\nVoici pourquoi :<br \/>\n&nbsp;<br \/>\nNous avons ce panneau qui indique bien que comme nos gares sont d\u00e9pourvues et de guichets et de distributeurs de billets (et du reste&#8230; par exemple de panneau d&rsquo;informations en temps r\u00e9el) on doit acheter le billet au contr\u00f4leur \u00e0 l&rsquo;int\u00e9rieur du train.<br \/>\n&nbsp;<br \/>\n<img decoding=\"async\" src=\"IMG\/jpg\/utha-00.jpg\" alt=\"utha-00.jpg\" align=\"center\" \/><br \/>\n&nbsp;<br \/>\nMais&#8230; l&rsquo;affiche d&rsquo;information fraichement pondue nous indique que<strong> <em>L&rsquo;acc\u00e8s au quai est r\u00e9serv\u00e9 aux voyageurs munis d&rsquo;un titre de transport valide pouvant \u00eatre contr\u00f4l\u00e9 \u00e0 tout moment <\/strong> <\/em> (On se demande bien par qui, il n&rsquo;y a la plupart du temps pas de personnel dans nos gares).<br \/>\n&nbsp;<br \/>\n<img decoding=\"async\" src=\"IMG\/jpg\/utha-01-web.jpg\" alt=\"utha-01-web.jpg\" align=\"center\" \/><br \/>\n&nbsp;<br \/>\n<strong>Et donc cons\u00e9quence : impossible de monter \u00e0 bord du train sans passer par le quai puisque impossible de prendre un billet sur place.<\/strong> Croustillant non ? Pour bien moins que \u00e7a il fut un temps on aurait demand\u00e9 la d\u00e9mission du pr\u00e9sident de la soci\u00e9t\u00e9 dite ferroviaire.<br \/>\n&nbsp;<br \/>\nLe collectif vient de signaler cet \u00e9tat de fait \u00e0 SNCF Gares et Connexions r\u00e9gion Auvergne.<br \/>\n&nbsp;<br \/>\n<a href=\"IMG\/pdf\/collectif-usagers-transports-haut-allier-lettre-pb-acces-trains-haut-allier-mai-2015.pdf\">collectif-usagers-transports-haut-allier-lettre-pb-acces-trains-haut-allier-mai-2015.pdf<\/a><\/p>\n","protected":false},"excerpt":{"rendered":"<p>[R\u00e9ponse SNCF du 25 juin] &nbsp; Nous recevons une r\u00e9ponse de la direction SNCF Auvergne qui nous pr\u00e9cise<\/p>\n","protected":false},"author":1,"featured_media":0,"comment_status":"closed","ping_status":"open","sticky":false,"template":"","format":"standard","meta":{"footnotes":""},"categories":[3],"tags":[],"class_list":["post-210","post","type-post","status-publish","format-standard","hentry","category-en-train"],"_links":{"self":[{"href":"https:\/\/usagers-transports.haut-allier.eu\/index.php\/wp-json\/wp\/v2\/posts\/210","targetHints":{"allow":["GET"]}}],"collection":[{"href":"https:\/\/usagers-transports.haut-allier.eu\/index.php\/wp-json\/wp\/v2\/posts"}],"about":[{"href":"https:\/\/usagers-transports.haut-allier.eu\/index.php\/wp-json\/wp\/v2\/types\/post"}],"author":[{"embeddable":true,"href":"https:\/\/usagers-transports.haut-allier.eu\/index.php\/wp-json\/wp\/v2\/users\/1"}],"replies":[{"embeddable":true,"href":"https:\/\/usagers-transports.haut-allier.eu\/index.php\/wp-json\/wp\/v2\/comments?post=210"}],"version-history":[{"count":0,"href":"https:\/\/usagers-transports.haut-allier.eu\/index.php\/wp-json\/wp\/v2\/posts\/210\/revisions"}],"wp:attachment":[{"href":"https:\/\/usagers-transports.haut-allier.eu\/index.php\/wp-json\/wp\/v2\/media?parent=210"}],"wp:term":[{"taxonomy":"category","embeddable":true,"href":"https:\/\/usagers-transports.haut-allier.eu\/index.php\/wp-json\/wp\/v2\/categories?post=210"},{"taxonomy":"post_tag","embeddable":true,"href":"https:\/\/usagers-transports.haut-allier.eu\/index.php\/wp-json\/wp\/v2\/tags?post=210"}],"curies":[{"name":"wp","href":"https:\/\/api.w.org\/{rel}","templated":true}]}}