{"id":211,"date":"2015-05-11T06:59:50","date_gmt":"2015-05-11T04:59:50","guid":{"rendered":"http:\/\/5.45.101.177\/haut-allier\/usagers-transportse\/index.php\/2015\/05\/11\/guichets-ligne-du-train-cevenol211\/"},"modified":"2015-05-11T06:59:50","modified_gmt":"2015-05-11T04:59:50","slug":"guichets-ligne-du-train-cevenol211","status":"publish","type":"post","link":"https:\/\/usagers-transports.haut-allier.eu\/index.php\/2015\/05\/11\/guichets-ligne-du-train-cevenol211\/","title":{"rendered":"Guichets ligne du train C\u00e9venol : Manif le 12\/05 \u00e0 G\u00e9nolhac contre les promesses de r\u00e9ouverture non tenues"},"content":{"rendered":"<p>La r\u00e9gion Languedoc Roussillon et la SNCF avaient promis une r\u00e9ouverture imminente avant l&rsquo;\u00e9t\u00e9 : au plus fort de l&rsquo;affluence des voyageurs, les guichets de G\u00e9nolhac sont toujours ferm\u00e9s.<br \/>\n&nbsp;<br \/>\nUn nouvel enfumage de la part de la SNCF !<br \/>\n&nbsp;<br \/>\n<strong>Manifestation MARDI 12 MAI \u00e0 16h30 \u00e0 G\u00e9nolhac <\/strong><br \/>\n&nbsp;<br \/>\npour r\u00e9-ouvrir les guichets avec le Collectif de d\u00e9fense des services publics et des usagers dans les Hautes C\u00e9vennes &#8211; Hyper IMPORTANT &#8211; La SNCF n&rsquo;\u00e9tant pas si press\u00e9e et la r\u00e9gion LR ne semblant pas plus pr\u00e9occup\u00e9e non plus, les usagers et les citoyens vont s&rsquo;en charger en pr\u00e9sence des \u00e9lus du secteur &#8211; Grande f\u00eate assur\u00e9e.<br \/>\n&nbsp;<br \/>\n<strong>Dans les m\u00e9dias :<\/strong><br \/>\n&nbsp;<br \/>\n&#8211; France Bleu Gard Loz\u00e8re au journal de 7 heures du 11 mai.<\/p>\n<p>[(&nbsp;<br \/>\nLes usagers du train C\u00e9venol eux attendent toujours la r\u00e9ouverture du guichet de G\u00e9nolhac, promesse de la SNCF apr\u00e8s deux mois de fermeture et de combat du comit\u00e9 de d\u00e9fense. Mais le rideau est toujours baiss\u00e9 : on ne peut toujours pas acheter de billets alors que la demande est importante pr\u00e9cise les membres du comit\u00e9. Un rassemblement de protestation est pr\u00e9vu cet apr\u00e8s-midi \u00e0 16 h 30.<br \/>\n&nbsp;)]<\/p>\n<p>&#8211; France Bleu Gard Loz\u00e8re au journal de 8 h 00 du 11 mai.<br \/>\n&nbsp;<\/p>\n<p>[(Eux pr\u00e9f\u00e8rent le train. Les usagers de la ligne C\u00e9venole N\u00eemes Clermont-Ferrand vont se rassembler cette apr\u00e8s-midi pour demander que la SNCF tienne sa promesse, celle de rouvrir le guichet de G\u00e9nolhac. Apr\u00e8s un long combat la compagnie ferroviaire s&rsquo;est finalement engag\u00e9e \u00e0 rouvrir le guichet mais le rideau est toujours baiss\u00e9 et la demande est forte souligne Alain Roumier secr\u00e9taire adjoint du comit\u00e9 de d\u00e9fense du train C\u00e9venol.<br \/>\n&nbsp;<br \/>\n<strong> \u00ab\u00a0L&rsquo;essentiel du chiffre d&rsquo;affaires en gare et bien il commence \u00e0 se faire maintenant, donc on perd effectivement beaucoup de services, beaucoup de ventes. Les gens sont tr\u00e8s perturb\u00e9s par l&rsquo;absence de possibilit\u00e9 commerciale en gare et la p\u00e9riode est la plus propice pour le faire en ce moment. On a du monde, il y a un afflux, c&rsquo;est la belle saison qui commence. La SNCF comme la r\u00e9gion s&rsquo;\u00e9tait engag\u00e9e, nous on entend leur dire : et bien \u00e9coutez voil\u00e0, vous ne le faites pas, nous on le fait&#8230; Nous passons \u00e0 l&rsquo;acte. La SNCF&#8230; les contacts que nous avons avec elle c&rsquo;est : nous on ob\u00e9it aux ordres, on attend un engagement r\u00e9gional. Le discours de la SNCF est clair l\u00e0 dessus. \u00a0\u00bb <\/strong><br \/>\n&nbsp;<br \/>\nRassemblement pr\u00e9vu cette apr\u00e8s-midi \u00e0 16 heures 30.<br \/>\n&nbsp;)]<\/p>\n<p>&#8211; Objectif Gard : <a href=\"http:\/\/www.objectifgard.com\/2015\/05\/11\/fait-du-jour-guichet-sncf-de-genolhac-on-nous-prend-pour-des-billes\/\">On nous prend pour des billes.<\/a><\/p>\n<p>&nbsp;<br \/>\n<img decoding=\"async\" src=\"IMG\/jpg\/manif-gare-de-genolhac-12-mai-2015.jpg\" alt=\"manif-gare-de-genolhac-12-mai-2015.jpg\" align=\"center\" \/><br \/>\n&nbsp;<\/p>\n","protected":false},"excerpt":{"rendered":"<p>La r\u00e9gion Languedoc Roussillon et la SNCF avaient promis une r\u00e9ouverture imminente avant l&rsquo;\u00e9t\u00e9 : au plus fort<\/p>\n","protected":false},"author":1,"featured_media":0,"comment_status":"closed","ping_status":"open","sticky":false,"template":"","format":"standard","meta":{"footnotes":""},"categories":[3],"tags":[],"class_list":["post-211","post","type-post","status-publish","format-standard","hentry","category-en-train"],"_links":{"self":[{"href":"https:\/\/usagers-transports.haut-allier.eu\/index.php\/wp-json\/wp\/v2\/posts\/211","targetHints":{"allow":["GET"]}}],"collection":[{"href":"https:\/\/usagers-transports.haut-allier.eu\/index.php\/wp-json\/wp\/v2\/posts"}],"about":[{"href":"https:\/\/usagers-transports.haut-allier.eu\/index.php\/wp-json\/wp\/v2\/types\/post"}],"author":[{"embeddable":true,"href":"https:\/\/usagers-transports.haut-allier.eu\/index.php\/wp-json\/wp\/v2\/users\/1"}],"replies":[{"embeddable":true,"href":"https:\/\/usagers-transports.haut-allier.eu\/index.php\/wp-json\/wp\/v2\/comments?post=211"}],"version-history":[{"count":0,"href":"https:\/\/usagers-transports.haut-allier.eu\/index.php\/wp-json\/wp\/v2\/posts\/211\/revisions"}],"wp:attachment":[{"href":"https:\/\/usagers-transports.haut-allier.eu\/index.php\/wp-json\/wp\/v2\/media?parent=211"}],"wp:term":[{"taxonomy":"category","embeddable":true,"href":"https:\/\/usagers-transports.haut-allier.eu\/index.php\/wp-json\/wp\/v2\/categories?post=211"},{"taxonomy":"post_tag","embeddable":true,"href":"https:\/\/usagers-transports.haut-allier.eu\/index.php\/wp-json\/wp\/v2\/tags?post=211"}],"curies":[{"name":"wp","href":"https:\/\/api.w.org\/{rel}","templated":true}]}}