{"id":212,"date":"2015-05-14T18:23:50","date_gmt":"2015-05-14T16:23:50","guid":{"rendered":"http:\/\/5.45.101.177\/haut-allier\/usagers-transportse\/index.php\/2015\/05\/14\/ligne-du-cevenol-les-traverses212\/"},"modified":"2015-05-14T18:23:50","modified_gmt":"2015-05-14T16:23:50","slug":"ligne-du-cevenol-les-traverses212","status":"publish","type":"post","link":"https:\/\/usagers-transports.haut-allier.eu\/index.php\/2015\/05\/14\/ligne-du-cevenol-les-traverses212\/","title":{"rendered":"Ligne du C\u00e9venol : les traverses empoisonn\u00e9es au cr\u00e9osote rien que pour les enfants d&rsquo;Alleyras [MAJ][R\u00e9ponse SNCF]"},"content":{"rendered":"<p>[ Mise \u00e0 jour du 23 juin 14h ]<br \/>\n&nbsp;<br \/>\nNous recevons de la direction SNCF Auvergne la r\u00e9ponse suivante. Dont acte :<br \/>\n&nbsp;<br \/>\n<img decoding=\"async\" src=\"IMG\/jpg\/230620153022.jpg\" alt=\"230620153022.jpg\" align=\"center\" \/><br \/>\n&nbsp;<\/p>\n<p>[ Mise \u00e0 jour du 18 mai 15h ]<br \/>\n&nbsp;<br \/>\nNous apprenons des riverains que la SNCF est en train de b\u00e2cher son stock de traverses.<br \/>\n&nbsp;<\/p>\n<p>[ Article du 14 mai ]<br \/>\n&nbsp;<br \/>\nL\u2019odeur est insoutenable. Ce mercredi 13 mai il fait chaud \u00e0 Pont d\u2019Alleyras et les \u00e9manations de cr\u00e9osote d\u00e9gag\u00e9es par les nouveaux stocks de traverses en bois r\u00e9cemment dispos\u00e9s autour de la gare SNCF sont tr\u00e8s fortes. Les riverains sont affol\u00e9s. Et il y a de quoi.<br \/>\n&nbsp;<br \/>\nDepuis les \u00e9boulements sur la RD40 et la voie ferr\u00e9e du train C\u00e9venol, dont les r\u00e9ouvertures ne sont indiqu\u00e9es ni par le conseil d\u00e9partemental de Haute Loire ni par la SNCF, les agents qui s\u2019approvisionnaient en traverses au d\u00e9p\u00f4t de Monistrol d\u2019Allier pour leurs travaux de remplacement sont bloqu\u00e9s et ont jug\u00e9 utile de cr\u00e9er un d\u00e9p\u00f4t en gare d\u2019Alleyras.<br \/>\n&nbsp;<br \/>\n<img decoding=\"async\" src=\"IMG\/jpg\/traverses-00.jpg\" alt=\"traverses-00.jpg\" align=\"center\" \/><br \/>\n<em>Rien n&rsquo;interdit l\u2019acc\u00e8s ni ne prot\u00e8ge des insoutenables \u00e9manations<\/em><br \/>\n&nbsp;<br \/>\nSauf qu\u2019\u00e0 Monistrol les tas de bois \u00e9taient prot\u00e9g\u00e9s par une b\u00e2che suite \u00e0 la plainte des habitants. Pas \u00e0 Alleyras.<br \/>\n&nbsp;<br \/>\nSauf qu\u2019\u00e0 Alleyras aucun panneau ni pourtour de s\u00e9curit\u00e9 n\u2019interdisent l\u2019acc\u00e8s \u00e0 quiconque.<br \/>\n&nbsp;<br \/>\nSauf que ce traitement du bois est \u00e0 l\u2019origine de la \u00ab\u00a0maladie honteuse des poteaux\u00a0\u00bb.<br \/>\n&nbsp;<br \/>\nSauf que selon Wikip\u00e9dia :<br \/>\n&nbsp;<\/p>\n<p>&#8211; Un bref contact direct avec de grandes quantit\u00e9s de cr\u00e9osote de goudron de houille peut entra\u00eener une \u00e9ruption cutan\u00e9e ou des irritations s\u00e9v\u00e8res de la peau, des br\u00fblures chimiques de la surface des yeux, des convulsions et une confusion mentale, une attaque des reins ou du foie, et m\u00eame provoquer l\u2019inconscience ou la mort.<br \/>\n&nbsp;<\/p>\n<p>&#8211; Un contact cutan\u00e9 direct avec de faibles doses de m\u00e9langes de cr\u00e9osote ou avec leurs vapeurs peut entra\u00eener une sensibilit\u00e9 \u00e0 la lumi\u00e8re accrue, des dommages \u00e0 la corn\u00e9e, et des l\u00e9sions cutan\u00e9es.<br \/>\n&nbsp;<\/p>\n<p>&#8211; Une exposition plus longue \u00e0 la vapeur de cr\u00e9osote peut provoquer des irritations des voies respiratoires.<br \/>\n&nbsp;<\/p>\n<p><img decoding=\"async\" src=\"IMG\/jpg\/alleyras-capitale-info-14-mai-2015-traverses-01-700.jpg\" alt=\"alleyras-capitale-info-14-mai-2015-traverses-01-700.jpg\" align=\"center\" \/><br \/>\n&nbsp;<br \/>\nEt sauf donc que des enfants jouent quotidiennement aux abords et sur les traverses trait\u00e9es avec ce produit mortel. Rien ne les en emp\u00eache.<br \/>\n&nbsp;<br \/>\n<strong>Nous montons une nouvelle fois au cr\u00e9neau et demandons des explications et des mesures de protection urgentes \u00e0 la SNCF.<\/strong><br \/>\n&nbsp;<br \/>\n<a href=\"IMG\/pdf\/collectif-usagers-transports-haut-allier-lettre-pb-traverses-creosote-14-mai-2015.pdf\">collectif-usagers-transports-haut-allier-lettre-pb-traverses-creosote-14-mai-2015.pdf<\/a><\/p>\n<p>&nbsp;<br \/>\nDans les m\u00e9dias :<br \/>\n&nbsp;<\/p>\n<p>&#8211; interview dans le journal \u00e0 12h de <strong>Radio Totem Auvergne<\/strong> du 15 Mai.<\/p>\n<p>&#8211; <a href=\"http:\/\/www.zoomdici.fr\/actualite\/Alleyras-des-traverses-enduites-de-creosote-restees-sans-protection-id144082.html\">Zoom d&rsquo;Ici<\/a> 43 le 21 mai :<br \/>\n&nbsp;<br \/>\n<img decoding=\"async\" src=\"IMG\/jpg\/zoom-4.jpg\" alt=\"zoom-4.jpg\" align=\"center\" \/><\/p>\n","protected":false},"excerpt":{"rendered":"<p>[ Mise \u00e0 jour du 23 juin 14h ] &nbsp; Nous recevons de la direction SNCF Auvergne la<\/p>\n","protected":false},"author":1,"featured_media":0,"comment_status":"closed","ping_status":"open","sticky":false,"template":"","format":"standard","meta":{"footnotes":""},"categories":[3],"tags":[],"class_list":["post-212","post","type-post","status-publish","format-standard","hentry","category-en-train"],"_links":{"self":[{"href":"https:\/\/usagers-transports.haut-allier.eu\/index.php\/wp-json\/wp\/v2\/posts\/212","targetHints":{"allow":["GET"]}}],"collection":[{"href":"https:\/\/usagers-transports.haut-allier.eu\/index.php\/wp-json\/wp\/v2\/posts"}],"about":[{"href":"https:\/\/usagers-transports.haut-allier.eu\/index.php\/wp-json\/wp\/v2\/types\/post"}],"author":[{"embeddable":true,"href":"https:\/\/usagers-transports.haut-allier.eu\/index.php\/wp-json\/wp\/v2\/users\/1"}],"replies":[{"embeddable":true,"href":"https:\/\/usagers-transports.haut-allier.eu\/index.php\/wp-json\/wp\/v2\/comments?post=212"}],"version-history":[{"count":0,"href":"https:\/\/usagers-transports.haut-allier.eu\/index.php\/wp-json\/wp\/v2\/posts\/212\/revisions"}],"wp:attachment":[{"href":"https:\/\/usagers-transports.haut-allier.eu\/index.php\/wp-json\/wp\/v2\/media?parent=212"}],"wp:term":[{"taxonomy":"category","embeddable":true,"href":"https:\/\/usagers-transports.haut-allier.eu\/index.php\/wp-json\/wp\/v2\/categories?post=212"},{"taxonomy":"post_tag","embeddable":true,"href":"https:\/\/usagers-transports.haut-allier.eu\/index.php\/wp-json\/wp\/v2\/tags?post=212"}],"curies":[{"name":"wp","href":"https:\/\/api.w.org\/{rel}","templated":true}]}}