{"id":213,"date":"2015-05-18T10:30:32","date_gmt":"2015-05-18T08:30:32","guid":{"rendered":"http:\/\/5.45.101.177\/haut-allier\/usagers-transportse\/index.php\/2015\/05\/18\/guichets-fermes-ligne-du-train213\/"},"modified":"2015-05-18T10:30:32","modified_gmt":"2015-05-18T08:30:32","slug":"guichets-fermes-ligne-du-train213","status":"publish","type":"post","link":"https:\/\/usagers-transports.haut-allier.eu\/index.php\/2015\/05\/18\/guichets-fermes-ligne-du-train213\/","title":{"rendered":"Guichets ferm\u00e9s ligne du train C\u00e9venol : \u00e0 Villefort la r\u00e9gion Languedoc et la SNCF interpell\u00e9s"},"content":{"rendered":"<p>Les membres du Collectif citoyen pour la r\u00e9ouverture du guichet SNCF de Villefort qui \u00e9tait pr\u00e9sent \u00e0 la manifestation de N\u00eemes le 15 mai dernier viennent d&rsquo;adresser la lettre ci-dessous demandant la r\u00e9ouverture imm\u00e9diate du guichet de la gare de Villefort au directeur r\u00e9gional de la SNCF et au pr\u00e9sident de la r\u00e9gion Languedoc Roussillon.<br \/>\n&nbsp;<br \/>\n<a href=\"IMG\/pdf\/lettre-collectif-villefort-mai-2015.pdf\">lettre-collectif-villefort-mai-2015.pdf<\/a><br \/>\n&nbsp;<\/p>\n<p><strong>Communiqu\u00e9 : <\/strong><br \/>\n&nbsp;<br \/>\n<em>L&rsquo;opposition quasi-unanime de la population de Villefort et des environs \u00e0 la fermeture du guichet SNCF de Villefort ne faiblit pas : manifestation de plus de 150 personnes le 11 avril en gare, plus de 1000 signatures \u00e0 notre p\u00e9tition recueillies sur le march\u00e9 et dans les commerces, soutien sans faille des \u00e9lus locaux et de Loz\u00e8re \u00e0 notre demande de r\u00e9ouverture.<\/em><br \/>\n&nbsp;<br \/>\n<em>Tous, nous consid\u00e9rons que cette fermeture constitue un grave recul du service public ferroviaire dans un territoire enclav\u00e9 o\u00f9 il est vital, et qu&rsquo;elle n&rsquo;est pas compatible avec l&rsquo;id\u00e9e que ce territoire puisse continuer \u00e0 vivre normalement et croire \u00e0 son avenir.<\/em><br \/>\n&nbsp;<br \/>\n<em>Pour l&rsquo;instant, la r\u00e9ponse de la R\u00e9gion et de la SNCF \u00e0 notre demande de r\u00e9ouverture se fait attendre.<\/em><br \/>\n&nbsp;<br \/>\n<em>Apr\u00e8s cette manifestation du 15 mai, o\u00f9 Mme la Vice-Pr\u00e9sidente du Conseil R\u00e9gional en charge des transports \u00e9tait pr\u00e9sente, nous osons esp\u00e9rer l&rsquo;annonce rapide par la R\u00e9gion et la SNCF d&rsquo;une r\u00e9ouverture prochaine du guichet, tous les jours de la semaine.<\/em><br \/>\n&nbsp;<br \/>\nPour les <a href=\"mailto:collectiftrainvillefort@gmail.com\">contacter<\/a>.<\/p>\n","protected":false},"excerpt":{"rendered":"<p>Les membres du Collectif citoyen pour la r\u00e9ouverture du guichet SNCF de Villefort qui \u00e9tait pr\u00e9sent \u00e0 la<\/p>\n","protected":false},"author":1,"featured_media":0,"comment_status":"closed","ping_status":"open","sticky":false,"template":"","format":"standard","meta":{"footnotes":""},"categories":[3],"tags":[],"class_list":["post-213","post","type-post","status-publish","format-standard","hentry","category-en-train"],"_links":{"self":[{"href":"https:\/\/usagers-transports.haut-allier.eu\/index.php\/wp-json\/wp\/v2\/posts\/213","targetHints":{"allow":["GET"]}}],"collection":[{"href":"https:\/\/usagers-transports.haut-allier.eu\/index.php\/wp-json\/wp\/v2\/posts"}],"about":[{"href":"https:\/\/usagers-transports.haut-allier.eu\/index.php\/wp-json\/wp\/v2\/types\/post"}],"author":[{"embeddable":true,"href":"https:\/\/usagers-transports.haut-allier.eu\/index.php\/wp-json\/wp\/v2\/users\/1"}],"replies":[{"embeddable":true,"href":"https:\/\/usagers-transports.haut-allier.eu\/index.php\/wp-json\/wp\/v2\/comments?post=213"}],"version-history":[{"count":0,"href":"https:\/\/usagers-transports.haut-allier.eu\/index.php\/wp-json\/wp\/v2\/posts\/213\/revisions"}],"wp:attachment":[{"href":"https:\/\/usagers-transports.haut-allier.eu\/index.php\/wp-json\/wp\/v2\/media?parent=213"}],"wp:term":[{"taxonomy":"category","embeddable":true,"href":"https:\/\/usagers-transports.haut-allier.eu\/index.php\/wp-json\/wp\/v2\/categories?post=213"},{"taxonomy":"post_tag","embeddable":true,"href":"https:\/\/usagers-transports.haut-allier.eu\/index.php\/wp-json\/wp\/v2\/tags?post=213"}],"curies":[{"name":"wp","href":"https:\/\/api.w.org\/{rel}","templated":true}]}}