{"id":214,"date":"2015-05-22T14:46:39","date_gmt":"2015-05-22T12:46:39","guid":{"rendered":"http:\/\/5.45.101.177\/haut-allier\/usagers-transportse\/index.php\/2015\/05\/22\/ligne-ferroviaire-ales-besseges-un214\/"},"modified":"2015-05-22T14:46:39","modified_gmt":"2015-05-22T12:46:39","slug":"ligne-ferroviaire-ales-besseges-un214","status":"publish","type":"post","link":"https:\/\/usagers-transports.haut-allier.eu\/index.php\/2015\/05\/22\/ligne-ferroviaire-ales-besseges-un214\/","title":{"rendered":"Ligne ferroviaire Al\u00e8s Bess\u00e8ges : un budget r\u00e9gional est vot\u00e9 pour sa r\u00e9ouverture !"},"content":{"rendered":"<p>Que les grincheux et les suspicieux de tous poils, ceux qui sapent le moral des conscients et des actifs en prennent pour leur grade :<br \/>\n&nbsp;<br \/>\n<strong>Un budget pour la remise sur pied de la ligne vient d&rsquo;\u00eatre vot\u00e9 aujourd&rsquo;hui par le conseil r\u00e9gional du Languedoc Roussillon. Il vient en effet de s&rsquo;engager \u00e0 hauteur de 3 millions d&rsquo;euros. <\/strong> Ce n&rsquo;est que le d\u00e9but d&rsquo;un processus qui sera assez long mais l&rsquo;affaire est enclench\u00e9e.<br \/>\n&nbsp;<br \/>\nF\u00e9licitons le Collectif pour l&rsquo;efficacit\u00e9 de ses actions. Cela prouve une fois de plus que certaines \u00e9quipes politiques au local et au r\u00e9gional sont \u00e0 fond pour la r\u00e9ouverture des lignes et l&rsquo;am\u00e9lioration des dessertes de leurs territoires. Ce qui grince, ce qui bloque, dans tous les sens, c&rsquo;est l&rsquo;immobilisme et la volont\u00e9 de destruction de l&rsquo;entreprise SNCF pour ses lignes irrigantes. Leur capacit\u00e9 de frein et de nuisance est sans \u00e9gal et il faudra bien un jour que les financeurs, \u00e9tat et r\u00e9gions tirent toutes les cons\u00e9quences de la gestion actuelle, d\u00e9sastreuse, \u00e0 la direction de la soci\u00e9t\u00e9 dite ferroviaire.<br \/>\n&nbsp;<br \/>\nVoici l&rsquo;annonce des amis c\u00e9venols de l&rsquo;Association des usagers SNCF du Gard :<br \/>\n&nbsp;<\/p>\n<p>[(<br \/>\nC&rsquo;est une tr\u00e8s grande avanc\u00e9e qui vient d&rsquo;\u00eatre act\u00e9e aujourd&rsquo;hui m\u00eame par le Conseil r\u00e9gional Languedoc Roussillon.<br \/>\n&nbsp;<br \/>\nLors de la s\u00e9ance du Conseil r\u00e9gional qui se tenait ce matin, le CPER (Contrat de Plan Etat R\u00e9gion) pour la p\u00e9riode 2015-2020 \u00e9tait mis au vote.<br \/>\n&nbsp;<br \/>\nAyant espoir qu&rsquo;une ligne budg\u00e9taire serait propos\u00e9e pour la ligne Al\u00e8s-Bess\u00e8ges, le Collectif a d\u00e9cid\u00e9 de d\u00e9l\u00e9guer quelques-uns d&rsquo;entre nous pour assister \u00e0 ce vote \u00ab\u00a0historique\u00a0\u00bb.<br \/>\n&nbsp;<br \/>\nDamien ALARY, Pr\u00e9sident de la R\u00e9gion, a pris la parole pour expliquer que des n\u00e9gociations ont eu lieu encore hier tardivement avec le Pr\u00e9fet de R\u00e9gion.<br \/>\n&nbsp;<br \/>\nNous apprenons donc par ceux qui ont assist\u00e9 en direct au d\u00e9bat que le CPER a \u00e9t\u00e9 vot\u00e9 et qu&rsquo;il contient bien une ligne budg\u00e9taire pour la ligne Al\u00e8s-Bess\u00e8ges.<br \/>\n&nbsp;<br \/>\nC&rsquo;est une \u00e9tape cruciale qui vient d&rsquo;\u00eatre franchie.<br \/>\n&nbsp;<br \/>\nA l&rsquo;issue de la s\u00e9ance, les membres du Collectif ont pu s&rsquo;entretenir avec la responsable des transports de la R\u00e9gion, Mme Marie MEUNIER-POLGE ainsi qu&rsquo;avec M Fabrice VERDIER et deux membres du Cabinet du Pr\u00e9sident.<br \/>\nIls ont \u00e9galement pu remettre le courrier (ci-joint) demandant que les prochaines \u00e9tapes soient enclench\u00e9es rapidement, \u00e0 savoir :<br \/>\n&nbsp;<br \/>\n&#8211;   Tenue du COPIL pour actualiser le projet<br \/>\n&#8211;   D\u00e9marrage des travaux<\/p>\n<p>&nbsp;<br \/>\nC&rsquo;est gr\u00e2ce \u00e0 la mobilisation de tous, de vous et des membres du Collectif r\u00e9unis que nous obtenons aujourd&rsquo;hui cet engagement pour la r\u00e9novation de la ligne.<br \/>\nM\u00eame s&rsquo;il reste encore beaucoup \u00e0 faire, il nous semble possible de nous r\u00e9jouir et d&rsquo;\u00eatre heureux.<br \/>\n&nbsp;<br \/>\nEncore merci pour votre soutien et votre d\u00e9termination. Bravo \u00e0 tous.<br \/>\n&nbsp;<br \/>\nPour le Collectif,<br \/>\nAnne-Marie SKORA<br \/>\nPr\u00e9sidente de l&rsquo;Association des usagers de la SNCF du Gard et des d\u00e9partements limitrophes<br \/>\n  )]<\/p>\n<p>&nbsp;<\/p>\n<p>Pour information voici la lettre du collectif regroupant les organisations actives du Gard et des C\u00e9vennes au pr\u00e9sident de r\u00e9gion Damien Alary :<br \/>\n&nbsp;<br \/>\n<a href=\"IMG\/pdf\/Ales-B_Lettre_a_ALARY_22_05_2015.pdf\">Ales-B_Lettre_a_ALARY_22_05_2015.pdf<\/a><\/p>\n","protected":false},"excerpt":{"rendered":"<p>Que les grincheux et les suspicieux de tous poils, ceux qui sapent le moral des conscients et des<\/p>\n","protected":false},"author":1,"featured_media":0,"comment_status":"closed","ping_status":"open","sticky":false,"template":"","format":"standard","meta":{"footnotes":""},"categories":[3],"tags":[],"class_list":["post-214","post","type-post","status-publish","format-standard","hentry","category-en-train"],"_links":{"self":[{"href":"https:\/\/usagers-transports.haut-allier.eu\/index.php\/wp-json\/wp\/v2\/posts\/214","targetHints":{"allow":["GET"]}}],"collection":[{"href":"https:\/\/usagers-transports.haut-allier.eu\/index.php\/wp-json\/wp\/v2\/posts"}],"about":[{"href":"https:\/\/usagers-transports.haut-allier.eu\/index.php\/wp-json\/wp\/v2\/types\/post"}],"author":[{"embeddable":true,"href":"https:\/\/usagers-transports.haut-allier.eu\/index.php\/wp-json\/wp\/v2\/users\/1"}],"replies":[{"embeddable":true,"href":"https:\/\/usagers-transports.haut-allier.eu\/index.php\/wp-json\/wp\/v2\/comments?post=214"}],"version-history":[{"count":0,"href":"https:\/\/usagers-transports.haut-allier.eu\/index.php\/wp-json\/wp\/v2\/posts\/214\/revisions"}],"wp:attachment":[{"href":"https:\/\/usagers-transports.haut-allier.eu\/index.php\/wp-json\/wp\/v2\/media?parent=214"}],"wp:term":[{"taxonomy":"category","embeddable":true,"href":"https:\/\/usagers-transports.haut-allier.eu\/index.php\/wp-json\/wp\/v2\/categories?post=214"},{"taxonomy":"post_tag","embeddable":true,"href":"https:\/\/usagers-transports.haut-allier.eu\/index.php\/wp-json\/wp\/v2\/tags?post=214"}],"curies":[{"name":"wp","href":"https:\/\/api.w.org\/{rel}","templated":true}]}}