{"id":216,"date":"2015-05-27T09:19:26","date_gmt":"2015-05-27T07:19:26","guid":{"rendered":"http:\/\/5.45.101.177\/haut-allier\/usagers-transportse\/index.php\/2015\/05\/27\/ligne-du-train-intercites-aubrac216\/"},"modified":"2015-05-27T09:19:26","modified_gmt":"2015-05-27T07:19:26","slug":"ligne-du-train-intercites-aubrac216","status":"publish","type":"post","link":"https:\/\/usagers-transports.haut-allier.eu\/index.php\/2015\/05\/27\/ligne-du-train-intercites-aubrac216\/","title":{"rendered":"Ligne du train intercit\u00e9s Aubrac : la derni\u00e8re (?) manif \u00e0 B\u00e9ziers le 5 juin \u00e0 16h"},"content":{"rendered":"<p>Apr\u00e8s la remise hier \u00e0 midi du rapport command\u00e9 par le premier ministre (socialiste ?) Valls au d\u00e9put\u00e9 Duron sur les trains Intercit\u00e9s, exercice qui pr\u00e9conise la suppression pure et simple de la ligne B\u00e9ziers &#8211; B\u00e9darieux &#8211; Millau &#8211; Saint-Flour &#8211; Neussargues &#8211; Clermont Ferrand, le \u00ab\u00a0comit\u00e9 pluraliste\u00a0\u00bb de d\u00e9fense de la ligne invite \u00e0 un (dernier ?) rassemblement devant la gare de B\u00e9ziers le vendredi 5 juin \u00e0 16 heures.<br \/>\n&nbsp;<br \/>\nPour un enterrement annonc\u00e9 peut-\u00eatre.<br \/>\n&nbsp;<br \/>\n<strong>De notre c\u00f4t\u00e9 nous venons d&rsquo;\u00e9crire au d\u00e9l\u00e9gu\u00e9 transports de la r\u00e9gion Auvergne lui demandant des \u00e9claircissements sur certains points un peu obscurs de cette ligne qui apparemment et myst\u00e9rieusement n&rsquo;int\u00e9resse personne sauf les salari\u00e9s SNCF.<\/strong><br \/>\n&nbsp;<br \/>\nVoici l&rsquo;article publi\u00e9 ce jour mercredi 27 mai dans la Marseillaise \/ H\u00e9rault qui fait un bilan des actions (ou des non actions) plus ou moins efficaces pass\u00e9es pour le maintien de cette ligne:<br \/>\n&nbsp;<br \/>\n<img decoding=\"async\" src=\"IMG\/jpg\/Marseillaise.jpg\" alt=\"Marseillaise.jpg\" align=\"center\" \/><\/p>\n","protected":false},"excerpt":{"rendered":"<p>Apr\u00e8s la remise hier \u00e0 midi du rapport command\u00e9 par le premier ministre (socialiste ?) Valls au d\u00e9put\u00e9<\/p>\n","protected":false},"author":1,"featured_media":0,"comment_status":"closed","ping_status":"open","sticky":false,"template":"","format":"standard","meta":{"footnotes":""},"categories":[3],"tags":[],"class_list":["post-216","post","type-post","status-publish","format-standard","hentry","category-en-train"],"_links":{"self":[{"href":"https:\/\/usagers-transports.haut-allier.eu\/index.php\/wp-json\/wp\/v2\/posts\/216","targetHints":{"allow":["GET"]}}],"collection":[{"href":"https:\/\/usagers-transports.haut-allier.eu\/index.php\/wp-json\/wp\/v2\/posts"}],"about":[{"href":"https:\/\/usagers-transports.haut-allier.eu\/index.php\/wp-json\/wp\/v2\/types\/post"}],"author":[{"embeddable":true,"href":"https:\/\/usagers-transports.haut-allier.eu\/index.php\/wp-json\/wp\/v2\/users\/1"}],"replies":[{"embeddable":true,"href":"https:\/\/usagers-transports.haut-allier.eu\/index.php\/wp-json\/wp\/v2\/comments?post=216"}],"version-history":[{"count":0,"href":"https:\/\/usagers-transports.haut-allier.eu\/index.php\/wp-json\/wp\/v2\/posts\/216\/revisions"}],"wp:attachment":[{"href":"https:\/\/usagers-transports.haut-allier.eu\/index.php\/wp-json\/wp\/v2\/media?parent=216"}],"wp:term":[{"taxonomy":"category","embeddable":true,"href":"https:\/\/usagers-transports.haut-allier.eu\/index.php\/wp-json\/wp\/v2\/categories?post=216"},{"taxonomy":"post_tag","embeddable":true,"href":"https:\/\/usagers-transports.haut-allier.eu\/index.php\/wp-json\/wp\/v2\/tags?post=216"}],"curies":[{"name":"wp","href":"https:\/\/api.w.org\/{rel}","templated":true}]}}