{"id":217,"date":"2015-05-27T14:31:37","date_gmt":"2015-05-27T12:31:37","guid":{"rendered":"http:\/\/5.45.101.177\/haut-allier\/usagers-transportse\/index.php\/2015\/05\/27\/demission-de-pepy-et-valls-l217\/"},"modified":"2015-05-27T14:31:37","modified_gmt":"2015-05-27T12:31:37","slug":"demission-de-pepy-et-valls-l217","status":"publish","type":"post","link":"https:\/\/usagers-transports.haut-allier.eu\/index.php\/2015\/05\/27\/demission-de-pepy-et-valls-l217\/","title":{"rendered":"D\u00e9mission de P\u00e9py et Valls ! L&rsquo;Auvergne et le massif central enterr\u00e9s par le rapport sur les trains Intercit\u00e9s SNCF. R\u00e9actions des r\u00e9gions Auvergne et Languedoc Roussillon"},"content":{"rendered":"<p>Nous l&rsquo;affirmons haut et fort : Non l&rsquo;am\u00e9nagement des territoires ne doit pas d\u00e9pendre des calculs financiers et de rentabilit\u00e9, il s&rsquo;agit express\u00e9ment de gestion des pays, des r\u00e9gions, plus ou moins denses, plus ou moins ruraux, plus ou moins peupl\u00e9s.<br \/>\n&nbsp;<br \/>\nOn touche constamment \u00e0 la probl\u00e9matique dans ces rapports sur les lignes du r\u00e9seau ferroviaire rentables ou pas. Commander une \u00e9tude au d\u00e9put\u00e9 Duron sur les modifications \u00e0 apporter au r\u00e9seau Intercit\u00e9s seul pour qu&rsquo;il devienne b\u00e9n\u00e9ficiaire est en soit une <strong>h\u00e9r\u00e9sie<\/strong>.<br \/>\n&nbsp;<br \/>\nToutes les lignes particuli\u00e8res d&rsquo;un r\u00e9seau de trains d&rsquo;\u00e9quilibre du territoire n&rsquo;ont pas \u00e0 \u00eatre rentables. Certaines ne le seront par d\u00e9finition jamais. Et il ne peut y avoir d&rsquo;\u00e9quilibre du territoire que par une volont\u00e9 politique, aucunement financi\u00e8re. Donc l&rsquo;\u00e9tat et les politiques doivent assumer cette option l\u00e0 ou bien mettre les cl\u00e9s de la maison France sous la porte et d\u00e9missionner.<br \/>\n&nbsp;<br \/>\n<strong>Le massif central et l&rsquo;Auvergne sont par d\u00e9finition des zones plus ou moins montagneuses, plus ou moins rurales, plus ou moins denses, et donc remettre en question une politique de p\u00e9r\u00e9quation nationale, les lignes ferroviaires plus rentables, TGV compris, aidant les d\u00e9ficitaires, au sein d&rsquo;un sch\u00e9ma national de mobilit\u00e9 est un immense scandale. Nos territoires de moyenne montagne doivent \u00eatre cit\u00e9s en exemple sur ce point.<\/strong><br \/>\n&nbsp;<br \/>\nComme nous le sentions venir dans cet <a href=\"http:\/\/usagers-transports.haut-allier.eu\/?trains-dans-le-massif-central-et,198\">article<\/a> ce gouvernement social lib\u00e9ral coupl\u00e9 \u00e0 cette inique direction SNCF auront fait plus de mal aux zones rurales que tous leurs pr\u00e9d\u00e9cesseurs r\u00e9unis. Leurs politiques vont accentuer la d\u00e9sertification d\u00e9j\u00e0 \u00e0 l&rsquo;oeuvre \u00e0 vitesse grand V. Qu&rsquo;ils en aient honte.<br \/>\n&nbsp;<br \/>\n<strong>Notre propre analyse, \u00e9tal\u00e9e sur plusieurs ann\u00e9es, nous l&rsquo;appellerons <em>Rapport des Usagers du Haut-Allier<\/em>, pointe du doigt les efforts constants d&rsquo;abandon, de duperie, de sabotage, de la SNCF depuis 40 ans pour justifier son d\u00e9sint\u00e9r\u00eat des lignes historiques et nous am\u00e8ne aux conclusions suivantes :<\/strong><br \/>\n&nbsp;<\/p>\n<p>&#8211; La classe politique au plus haut niveau doit se questionner sur son incapacit\u00e9 \u00e0 se soustraire des conseils soit disant \u00e9clair\u00e9s de la direction SNCF orchestr\u00e9e depuis des lustres par un pr\u00e9sident sans consistance et maniant le mensonge avec trop de dext\u00e9rit\u00e9, et <strong>s&rsquo;interroger sur le fait qu&rsquo;elle ne s&rsquo;en s\u00e9pare pas<\/strong>.<br \/>\n&nbsp;<\/p>\n<p>&#8211; Le dit pr\u00e9sident de la soci\u00e9t\u00e9 ferroviaire, puisqu&rsquo;il avoue son \u00e9chec de gestion en conseillant, par \u00e9crit dans les documents qui ont fuit\u00e9 r\u00e9cemment, des suppressions de lignes et de dessertes, <strong>doit d\u00e9missionner de lui-m\u00eame et fournir des excuses publiques \u00e0 la nation<\/strong>.<br \/>\n&nbsp;<\/p>\n<p>&#8211; Le gouvernement actuel doit s&rsquo;interroger sur son incapacit\u00e9 \u00e0 am\u00e9liorer la mobilit\u00e9 en zones rurales autrement qu&rsquo;en grossissant les flux routiers et autoroutiers pollueurs et donc \u00e0 faire fonctionner le pays en harmonie.<br \/>\n&nbsp;<\/p>\n<p>&#8211; Ce m\u00eame gouvernement doit se demander s&rsquo;il est en \u00e9tat d&rsquo;offrir autre chose aux habitants que <strong>le suivisme des dictats de la finance<\/strong>.<br \/>\n&nbsp;<\/p>\n<p>[(<\/p>\n<p><strong>Au vu de ceci notre collectif d&rsquo;usagers des transports ne peut que demander de toute urgence :<\/strong><\/p>\n<ol>\n<li> [*La d\u00e9mission du pr\u00e9sident actuel de la SNCF,*]<\/li>\n<li> [*La d\u00e9mission du premier ministre et de son ministre des transports,*]<\/li>\n<li> [*L&rsquo;\u00e9tablissement d&rsquo;un vrai plan de mobilit\u00e9 au b\u00e9n\u00e9fice des zones les moins denses tel le massif central.*]<br \/>\n&nbsp;<br \/>\n)]<\/li>\n<\/ol>\n<p>Appel aux associations d&rsquo;usagers et de d\u00e9fense est lanc\u00e9 pour qu&rsquo;elles se joignent \u00e0 notre demande. La lettre est jointe au bas de texte.<br \/>\n&nbsp;<\/p>\n<p><em> <strong>A cet instant l&rsquo;appel est cosign\u00e9 par :<\/strong> <\/em><br \/>\n&nbsp;<br \/>\n&#8211; Collectif des Usagers des Transports du Haut-Allier<br \/>\n&#8211; Association des <a href=\"http:\/\/usagerstergard.free.fr\/\">Usagers de la SNCF du Gard et des d\u00e9partements limitrophes<\/a><br \/>\n&#8211; Collectif <a href=\"https:\/\/sncfvamtuer.wordpress.com\/\">SNCFvamtuer<\/a><br \/>\n&nbsp;<br \/>\n&nbsp;<\/p>\n<p><strong>Le communiqu\u00e9 de presse vient d&rsquo;\u00eatre envoy\u00e9 :<\/strong><\/p>\n<p>&nbsp;<br \/>\n<a href=\"IMG\/pdf\/Communique-de-presse-des-Collectifs-et-Associations-d-Usagers-des-Transports-1erJuin2015.pdf\">Communique-de-presse-des-Collectifs-et-Associations-d-Usagers-des-Transports-1erJuin2015.pdf<\/a><br \/>\n&nbsp;<br \/>\n&nbsp;<\/p>\n<p><strong> <em>Dans la presse :<\/em> <\/strong><br \/>\n&nbsp;<\/p>\n<p>&#8211; <a href=\"http:\/\/www.lepoint.fr\/societe\/intercites-un-enterrement-de-premiere-classe-pour-l-auvergne-27-05-2015-1931425_23.php\">Intercit\u00e9s : un enterrement de premi\u00e8re classe pour l&rsquo;Auvergne ?<\/a> (Le Point du 27 mai)<br \/>\n&nbsp;<br \/>\n&#8211; France Bleu Pays d&rsquo;Auvergne journal de 7 heures du 27 mai : intervention de <strong>Luc Bourduge (Front de Gauche) d\u00e9l\u00e9gu\u00e9 aux transports \u00e0 la r\u00e9gion Auvergne qui faisait partie de la commission et qui n&rsquo;a pas voulu signer le rapport<\/strong> et du d\u00e9put\u00e9 PS Duron&#8230;<br \/>\n&nbsp;<br \/>\n<a href=\"IMG\/mp3\/usagers-haut-allier-2015-05-27-07h00m17s-FBPA.mp3\">usagers-haut-allier-2015-05-27-07h00m17s-FBPA.mp3<\/a><br \/>\n&nbsp;<br \/>\n&#8211; La Montagne du 29 mai : &#8230;mais son pr\u00e9sident, <strong>Ren\u00e9 Souchon (PS) <\/strong> qui nous avait habitu\u00e9 \u00e0 plus de combativit\u00e9, est lui, <strong>ravi des conclusions<\/strong><br \/>\n&nbsp;<br \/>\n<img decoding=\"async\" src=\"IMG\/jpg\/duron-souchon-approuve.jpg\" alt=\"duron-souchon-approuve.jpg\" align=\"center\" \/><br \/>\n&nbsp;<\/p>\n<p>&#8211; France Bleu Pays d&rsquo;Auvergne journal de 9 heures du 27 mai : intervention du porte-parole du collectif.<br \/>\n&nbsp;<br \/>\n<a href=\"IMG\/mp3\/usagers-transpors-haut-allier-eu-2015-05-27-9h00m-FBPA.mp3\">usagers-transpors-haut-allier-eu-2015-05-27-9h00m-FBPA.mp3<\/a><br \/>\n&nbsp;<\/p>\n<p>&#8211; TV Sud journal de 20 heures du 28 mai : <strong>le pr\u00e9sident de la r\u00e9gion Languedoc Roussillon Damien Alary fustige le rapport Duron<\/strong> concernant la disparition sugg\u00e9r\u00e9e de la ligne Aubrac B\u00e9ziers Neussargues et la ligne Al\u00e8s Bess\u00e8ges :<br \/>\n&nbsp;<\/p>\n<div style=\"position:relative;padding-bottom:53%;padding-top:20px;height:0;\"><iframe style=\"position:absolute;top:0;left:0;width:100%;height:100%;\" frameborder=\"0\" allowfullscreen src=\"http:\/\/player.myvideoplace.tv\/?v=JT_ITW_ALARY-TET_270515-CD\"><\/iframe><\/div>\n<p>&nbsp;<\/p>\n<p>&#8211; Zoom d&rsquo;Ici du 1er juin :<br \/>\n&nbsp;<br \/>\n<a href=\"IMG\/pdf\/zoom.pdf\">zoom.pdf<\/a><br \/>\n&nbsp;<br \/>\n&nbsp;<\/p>\n<p><em> <strong>Autres documents :<\/strong> <\/em><br \/>\n&nbsp;<\/p>\n<p>&#8211; Le rapport Duron<br \/>\n&#8211; L&rsquo;appel aux collectifs et associations : d\u00e9mission de P\u00e9py et Valls !<br \/>\n&#8211; Une int\u00e9ressante r\u00e9flexion de la fondation IFRAP sur le <a href=\"http:\/\/www.ifrap.org\/agriculture-et-energie\/qui-est-responsable-du-desastre-des-trains-intercites\">d\u00e9sastre des Intercit\u00e9s<\/a>.<br \/>\n&nbsp;<\/p>\n<p><em> <strong>Nos autres articles sur le sujet :<\/strong> <\/em><br \/>\n&nbsp;<\/p>\n<p>&#8211; <a href=\"http:\/\/usagers-transports.haut-allier.eu\/?suppression-des-trains-intercites,202\">Suppression des trains Intercit\u00e9s par la SNCF : les \u00e9lus tr\u00e8s inquiets au s\u00e9nat et ailleurs<\/a><\/p>\n","protected":false},"excerpt":{"rendered":"<p>Nous l&rsquo;affirmons haut et fort : Non l&rsquo;am\u00e9nagement des territoires ne doit pas d\u00e9pendre des calculs financiers et<\/p>\n","protected":false},"author":1,"featured_media":0,"comment_status":"closed","ping_status":"open","sticky":false,"template":"","format":"standard","meta":{"footnotes":""},"categories":[3],"tags":[],"class_list":["post-217","post","type-post","status-publish","format-standard","hentry","category-en-train"],"_links":{"self":[{"href":"https:\/\/usagers-transports.haut-allier.eu\/index.php\/wp-json\/wp\/v2\/posts\/217","targetHints":{"allow":["GET"]}}],"collection":[{"href":"https:\/\/usagers-transports.haut-allier.eu\/index.php\/wp-json\/wp\/v2\/posts"}],"about":[{"href":"https:\/\/usagers-transports.haut-allier.eu\/index.php\/wp-json\/wp\/v2\/types\/post"}],"author":[{"embeddable":true,"href":"https:\/\/usagers-transports.haut-allier.eu\/index.php\/wp-json\/wp\/v2\/users\/1"}],"replies":[{"embeddable":true,"href":"https:\/\/usagers-transports.haut-allier.eu\/index.php\/wp-json\/wp\/v2\/comments?post=217"}],"version-history":[{"count":0,"href":"https:\/\/usagers-transports.haut-allier.eu\/index.php\/wp-json\/wp\/v2\/posts\/217\/revisions"}],"wp:attachment":[{"href":"https:\/\/usagers-transports.haut-allier.eu\/index.php\/wp-json\/wp\/v2\/media?parent=217"}],"wp:term":[{"taxonomy":"category","embeddable":true,"href":"https:\/\/usagers-transports.haut-allier.eu\/index.php\/wp-json\/wp\/v2\/categories?post=217"},{"taxonomy":"post_tag","embeddable":true,"href":"https:\/\/usagers-transports.haut-allier.eu\/index.php\/wp-json\/wp\/v2\/tags?post=217"}],"curies":[{"name":"wp","href":"https:\/\/api.w.org\/{rel}","templated":true}]}}