{"id":218,"date":"2015-05-29T10:17:57","date_gmt":"2015-05-29T08:17:57","guid":{"rendered":"http:\/\/5.45.101.177\/haut-allier\/usagers-transportse\/index.php\/2015\/05\/29\/lignes-du-cevenol-et218\/"},"modified":"2015-05-29T10:17:57","modified_gmt":"2015-05-29T08:17:57","slug":"lignes-du-cevenol-et218","status":"publish","type":"post","link":"https:\/\/usagers-transports.haut-allier.eu\/index.php\/2015\/05\/29\/lignes-du-cevenol-et218\/","title":{"rendered":"Lignes du C\u00e9venol et Transloz\u00e9rienne : les beaux sabotages de d\u00e9but d&rsquo;\u00e9t\u00e9 de la SNCF"},"content":{"rendered":"<p>Alors qu&rsquo;aucune date <strong>r\u00e9elle<\/strong> n&rsquo;est pr\u00e9vue pour le d\u00e9blaiement de l&rsquo;\u00e9boulement survenu \u00e0 Alleyras voici deux mois, et en plein mois de juin, la SNCF nous communique ses<strong> fermetures de circulation pour travaux divers<\/strong> parce qu&rsquo;ils ne peuvent pas se faire de nuit ou hors circulation des trains, hein, bien entendu.<br \/>\n&nbsp;<br \/>\n<strong>ENTRE CLERMONT ET NIMES<\/strong><br \/>\n&nbsp;<br \/>\nLe trafic DEVRAIT peut-\u00eatre \/ mais pas s\u00fbr reprendre le 4 juillet prochain.<br \/>\n&nbsp;<br \/>\n&#8211; <a href=\"http:\/\/cdn.ter.sncf.com\/medias\/PDF\/auvergne\/Affiche%20travaux%20CLE%20NI%20du%2026%2005%20au%2003%2007%2015%20-%20V24%2004_tcm52-32572_tcm52-47590.pdf\">La fiche horaire durant les travaux SNCF<br \/>\n<\/a><br \/>\n&nbsp;<\/p>\n<p><strong>ENTRE MENDE ET NIMES<\/strong><br \/>\n&nbsp;<br \/>\nReprise des circulations le 20 juin. Si tout va bien.<br \/>\n&nbsp;<br \/>\n<img decoding=\"async\" src=\"IMG\/jpg\/sncf-travx-mende.jpg\" alt=\"sncf-travx-mende.jpg\" align=\"center\" \/><br \/>\n&nbsp;<br \/>\n&#8211; <a href=\"http:\/\/cdn.ter.sncf.com\/medias\/PDF\/languedoc_roussillon\/Ni-Me%20flyers%20A4%20du%201er%20au%2019%20Juin%20version%207%20du%2026%20Mai_tcm60-14894_tcm60-47306.pdf\">La fiche horaire durant les travaux<\/a><br \/>\n&nbsp;<\/p>\n","protected":false},"excerpt":{"rendered":"<p>Alors qu&rsquo;aucune date r\u00e9elle n&rsquo;est pr\u00e9vue pour le d\u00e9blaiement de l&rsquo;\u00e9boulement survenu \u00e0 Alleyras voici deux mois, et<\/p>\n","protected":false},"author":1,"featured_media":0,"comment_status":"closed","ping_status":"open","sticky":false,"template":"","format":"standard","meta":{"footnotes":""},"categories":[3],"tags":[],"class_list":["post-218","post","type-post","status-publish","format-standard","hentry","category-en-train"],"_links":{"self":[{"href":"https:\/\/usagers-transports.haut-allier.eu\/index.php\/wp-json\/wp\/v2\/posts\/218","targetHints":{"allow":["GET"]}}],"collection":[{"href":"https:\/\/usagers-transports.haut-allier.eu\/index.php\/wp-json\/wp\/v2\/posts"}],"about":[{"href":"https:\/\/usagers-transports.haut-allier.eu\/index.php\/wp-json\/wp\/v2\/types\/post"}],"author":[{"embeddable":true,"href":"https:\/\/usagers-transports.haut-allier.eu\/index.php\/wp-json\/wp\/v2\/users\/1"}],"replies":[{"embeddable":true,"href":"https:\/\/usagers-transports.haut-allier.eu\/index.php\/wp-json\/wp\/v2\/comments?post=218"}],"version-history":[{"count":0,"href":"https:\/\/usagers-transports.haut-allier.eu\/index.php\/wp-json\/wp\/v2\/posts\/218\/revisions"}],"wp:attachment":[{"href":"https:\/\/usagers-transports.haut-allier.eu\/index.php\/wp-json\/wp\/v2\/media?parent=218"}],"wp:term":[{"taxonomy":"category","embeddable":true,"href":"https:\/\/usagers-transports.haut-allier.eu\/index.php\/wp-json\/wp\/v2\/categories?post=218"},{"taxonomy":"post_tag","embeddable":true,"href":"https:\/\/usagers-transports.haut-allier.eu\/index.php\/wp-json\/wp\/v2\/tags?post=218"}],"curies":[{"name":"wp","href":"https:\/\/api.w.org\/{rel}","templated":true}]}}