{"id":219,"date":"2015-06-03T09:55:38","date_gmt":"2015-06-03T07:55:38","guid":{"rendered":"http:\/\/5.45.101.177\/haut-allier\/usagers-transportse\/index.php\/2015\/06\/03\/retards-des-ter-que-choisir219\/"},"modified":"2015-06-03T09:55:38","modified_gmt":"2015-06-03T07:55:38","slug":"retards-des-ter-que-choisir219","status":"publish","type":"post","link":"https:\/\/usagers-transports.haut-allier.eu\/index.php\/2015\/06\/03\/retards-des-ter-que-choisir219\/","title":{"rendered":"Retards des TER : Que Choisir propose son appli anti retard !"},"content":{"rendered":"<p>Alors que la publication de la carte de la ponctualit\u00e9 des trains TER est accablante pour la SNCF dans le dossier publi\u00e9 par l&rsquo;UFC Que Choisir,<br \/>\n&nbsp;<br \/>\n&#8211; la soci\u00e9t\u00e9 dite ferroviaire faisant passer en priorit\u00e9 ses TGV sur les lignes mixtes,<br \/>\n&#8211; le sch\u00e9ma du r\u00e9seau fran\u00e7ais en \u00e9toile TOUT VERS PARIS \u00e9tant un handicap majeur et rien n&rsquo;a \u00e9t\u00e9 fait pour le corriger. Cela donne des retards \u00e9normes en bout de r\u00e9seau c&rsquo;est-\u00e0-dire en Midi Pyr\u00e9n\u00e9es, en Languedoc Roussillon et en PACA tr\u00e9s visibles sur la carte de Que Choisir.<br \/>\n&#8211; la SNCF poursuivant toutes les <a href=\"http:\/\/www.untrainderetard.com\">initiatives<\/a> priv\u00e9es et associatives sur le web qui visent \u00e0 d\u00e9noncer ses retards. Plusieurs sites fort int\u00e9ressants en ont fait les frais.<br \/>\n&#8211; la m\u00eame soci\u00e9t\u00e9 truquant ses statistiques officielles sur les retards en omettant syst\u00e9matiquement de comptabiliser les TRAINS ANNULES.<br \/>\n&#8211; les r\u00e9gions finan\u00e7ant pratiquement tout dans leurs trains r\u00e9gionaux, trains et souvent r\u00e9seau, n&rsquo;ont aucun droit de regard sur la qualit\u00e9 du service offert par le seul prestataire de service possible actuellement, la SNCF. Esp\u00e9rons que ceci va changer et vite !<br \/>\n&nbsp;<br \/>\n<img decoding=\"async\" src=\"IMG\/jpg\/carte.jpg\" alt=\"carte.jpg\" align=\"center\" \/><br \/>\n<em>Les retards par r\u00e9gions<\/em><br \/>\n&nbsp;<br \/>\n<img decoding=\"async\" src=\"IMG\/jpg\/ponctualite-trains-regionaux.jpg\" alt=\"ponctualite-trains-regionaux.jpg\" align=\"center\" \/><br \/>\n<em>Le classement par pays<\/em><br \/>\n&nbsp;<\/p>\n<p>L&rsquo;association de consommateurs vient de mettre en <a href=\"http:\/\/www.quechoisir.org\/app\/train-retard\/anti-retards.php\">t\u00e9l\u00e9chargement libre<\/a> son application Android et IOS pour d\u00e9noncer les retards des trains. Tout voyageur est d\u00e9sormais <strong>Contr\u00f4leur des retards<\/strong>.<br \/>\n&nbsp;<br \/>\nLe but est aussi de construire un Observatoire ind\u00e9pendant de la qualit\u00e9 des transports r\u00e9gionaux. C&rsquo;est parfait. La SNCF osera-t-elle cette fois-ci attaquer l&rsquo;UFC Que Choisir ?<br \/>\n&nbsp;<br \/>\nC&rsquo;est pour cela que nous vous encourageons vivement \u00e0 participer en t\u00e9l\u00e9chargeant le programme de l&rsquo;UFC. L&rsquo;organisation appelle \u00e9galement \u00e0 une <a href=\"http:\/\/www.quechoisir.org\/app\/petition\/?id=5\">p\u00e9tition<\/a> \u00ab\u00a0Payons en fonction de la qualit\u00e9\u00a0\u00bb.<br \/>\n&nbsp;<br \/>\n<img decoding=\"async\" src=\"IMG\/png\/Anti-retards_-_Application_mobile_gratuite_-_UFC-Que_Choisir_-_2015-06-03_11-17-12.png\" alt=\"Anti-retards_-_Application_mobile_gratuite_-_UFC-Que_Choisir_-_2015-06-03_11-17-12.png\" align=\"center\" \/><\/p>\n","protected":false},"excerpt":{"rendered":"<p>Alors que la publication de la carte de la ponctualit\u00e9 des trains TER est accablante pour la SNCF<\/p>\n","protected":false},"author":1,"featured_media":0,"comment_status":"closed","ping_status":"open","sticky":false,"template":"","format":"standard","meta":{"footnotes":""},"categories":[3],"tags":[],"class_list":["post-219","post","type-post","status-publish","format-standard","hentry","category-en-train"],"_links":{"self":[{"href":"https:\/\/usagers-transports.haut-allier.eu\/index.php\/wp-json\/wp\/v2\/posts\/219","targetHints":{"allow":["GET"]}}],"collection":[{"href":"https:\/\/usagers-transports.haut-allier.eu\/index.php\/wp-json\/wp\/v2\/posts"}],"about":[{"href":"https:\/\/usagers-transports.haut-allier.eu\/index.php\/wp-json\/wp\/v2\/types\/post"}],"author":[{"embeddable":true,"href":"https:\/\/usagers-transports.haut-allier.eu\/index.php\/wp-json\/wp\/v2\/users\/1"}],"replies":[{"embeddable":true,"href":"https:\/\/usagers-transports.haut-allier.eu\/index.php\/wp-json\/wp\/v2\/comments?post=219"}],"version-history":[{"count":0,"href":"https:\/\/usagers-transports.haut-allier.eu\/index.php\/wp-json\/wp\/v2\/posts\/219\/revisions"}],"wp:attachment":[{"href":"https:\/\/usagers-transports.haut-allier.eu\/index.php\/wp-json\/wp\/v2\/media?parent=219"}],"wp:term":[{"taxonomy":"category","embeddable":true,"href":"https:\/\/usagers-transports.haut-allier.eu\/index.php\/wp-json\/wp\/v2\/categories?post=219"},{"taxonomy":"post_tag","embeddable":true,"href":"https:\/\/usagers-transports.haut-allier.eu\/index.php\/wp-json\/wp\/v2\/tags?post=219"}],"curies":[{"name":"wp","href":"https:\/\/api.w.org\/{rel}","templated":true}]}}