{"id":22,"date":"2010-12-13T10:35:00","date_gmt":"2010-12-13T09:35:00","guid":{"rendered":"http:\/\/5.45.101.177\/haut-allier\/usagers-transportse\/index.php\/2010\/12\/13\/gare-d-alleyras-enfin-un-service022\/"},"modified":"2010-12-13T10:35:00","modified_gmt":"2010-12-13T09:35:00","slug":"gare-d-alleyras-enfin-un-service022","status":"publish","type":"post","link":"https:\/\/usagers-transports.haut-allier.eu\/index.php\/2010\/12\/13\/gare-d-alleyras-enfin-un-service022\/","title":{"rendered":"Gare d&rsquo;Alleyras : enfin un service normal d\u00e9but d\u00e9cembre 2010 !!!"},"content":{"rendered":"<p><font color=\"brown\"><strong><br \/>\n<em>Mise \u00e0 jour du 11 d\u00e9cembre<\/em> : On notera avec int\u00e9r\u00eat les r\u00e9ponses pr\u00e9cises de Jean Gh\u00e9dira, directeur SNCF Languedoc Roussillon, \u00e0 la demande de Jean-Jacques Faucher, le pr\u00e9sident de l&rsquo;association des \u00e9lus pour la d\u00e9fense du C\u00e9venol, \u00e0 consulter carr\u00e9ment sur <a href=\"http:\/\/www.defense-promotion-cevenol.fr\/site\/Desserte-horaires-2011-Plusieurs\">leur site<\/a>.<br \/>\n&nbsp;<br \/>\n<em>Mise \u00e0 jour du 11 d\u00e9cembre<\/em> : Le quotidien l&rsquo;Eveil s\u00a0\u00bbest rattrap\u00e9, nous ne l&rsquo;avions pas vu, en publiant notre r\u00e9action \u00e0 la lettre du pr\u00e9sident de la SNCF. En bas de page toujours.<br \/>\n&nbsp;<br \/>\n<em>Mise \u00e0 jour du 16 octobre<\/em> : Le journal l&rsquo;Eveil se r\u00e9veille, un peu tard, car il n&rsquo;a jamais annonc\u00e9 nos actions, en publiant la r\u00e9ponse du pr\u00e9sident de la SNCF \u00e0 un d\u00e9put\u00e9 local. Voir en bas de page.<br \/>\n&nbsp;<br \/>\n<em>Mise \u00e0 jour du 15 octobre<\/em> : Le pr\u00e9sident de la SNCF Guillaume P\u00e9py confirme les nouvelles dispositions en gare d&rsquo;Alleyras dans un article de Zoom 43. Il assure vouloir donner un service de qualit\u00e9 aux habitants du Haut Allier. Nous, on rigole. Voir notre coup de gueule en bas de page.<br \/>\n&nbsp;<br \/>\n<em>Mise \u00e0 jour du mercredi 6 octobre<\/em> : Ca y est ! Les nouveaux horaires sont officialis\u00e9s par le site Internet Voyages SNCF.com ! Nous les affichons ci-dessous. Des d\u00e9cisions ont \u00e9t\u00e9 prises suite \u00e0 notre p\u00e9tition par le conseil r\u00e9gional Auvergne lors de sa s\u00e9ance du 27 septembre. Qu&rsquo;il en soit remerci\u00e9 ainsi que tous ceux qui nous ont soutenu. Il a donc \u00e9t\u00e9 mis en place 4 arr\u00eats de TER par jour toute l&rsquo;ann\u00e9e, deux dans chaque sens, sauf samedi et dimanche avec trois arr\u00eats. Pas besoin d&rsquo;attendre la publication des nouveaux horaires 2011, le 12 d\u00e9cembre prochain, pour se r\u00e9jouir puisque ils s&rsquo;affichent clairement sur le site officiel. Nous ne pouvons qu&rsquo;\u00eatre satisfaits et souhaitons maintenant un service DURABLE pour que tous reprennent l&rsquo;habitude d&rsquo;utiliser le train. Tout ceci prend effet donc le 12 d\u00e9cembre apr\u00e8s deux mois de travaux sur les tunnels qui ont d\u00e9but\u00e9 et qui coupent tout trafic. Il s&rsquo;agit du b\u00e9tonnage des voutes de 4 tunnels aux environs d&rsquo;Alleyras. En attendant les voyageurs d&rsquo;Alleyras peuvent faire la demande d&rsquo;un taxi qui les am\u00e8nera \u00e0 Langeac avec le service TAD (voir site <a href=\"http:\/\/www.ter-sncf.com\/regions\/auvergne\/fr\/default.aspx\">TER Auvergne<\/a>).<br \/>\n&nbsp;<br \/>\nEn avant-premi\u00e8re voici les principaux horaires de la ligne tir\u00e9s du site SNCF. Nous constatons qu&rsquo;ils sont p\u00e9nalis\u00e9s de quelques minutes par rapport aux horaires non officiels que nous avions pu consulter. Il sont bas\u00e9s sur ceux du lundi au vendredi. Ceux du samedi et dimanche ne sont que peu diff\u00e9rents.<\/p>\n<table>\n<caption>Sens Marseille N\u00eemes Clermont Ferrand<\/caption>\n<tbody>\n<tr class='row_even'>\n<td>N\u00eemes<\/td>\n<td>08:02<\/td>\n<td>17:13 sauf SA<\/td>\n<\/tr>\n<tr class='row_odd'>\n<td>Al\u00e8s<\/td>\n<td>08:41<\/td>\n<td>18:11<\/td>\n<\/tr>\n<tr class='row_even'>\n<td>Langogne<\/td>\n<td>10:19<\/td>\n<td>19:51<\/td>\n<\/tr>\n<tr class='row_odd'>\n<td><strong>Alleyras<\/strong><\/td>\n<td><strong>11:07<\/strong><\/td>\n<td><strong>20:39<\/strong><\/td>\n<\/tr>\n<tr class='row_even'>\n<td>Langeac<\/td>\n<td>11:47<\/td>\n<td>21:18<\/td>\n<\/tr>\n<tr class='row_odd'>\n<td>Brioude<\/td>\n<td>12:13<\/td>\n<td>21:43<\/td>\n<\/tr>\n<tr class='row_even'>\n<td>Clermont<\/td>\n<td>13:05<\/td>\n<td>22:35<\/td>\n<\/tr>\n<\/tbody>\n<\/table>\n<table>\n<caption>Sens Clermont Ferrand N\u00eemes Marseille<\/caption>\n<tbody>\n<tr class='row_even'>\n<td>Clermont<\/td>\n<td>06:46 sauf DI<\/td>\n<td>16:45<\/td>\n<\/tr>\n<tr class='row_odd'>\n<td>Brioude<\/td>\n<td>07:39<\/td>\n<td>17:44<\/td>\n<\/tr>\n<tr class='row_even'>\n<td>Langeac<\/td>\n<td>08:07<\/td>\n<td>18:13<\/td>\n<\/tr>\n<tr class='row_odd'>\n<td><strong>Alleyras<\/strong><\/td>\n<td><strong>08:46<\/strong><\/td>\n<td><strong>18:58<\/strong><\/td>\n<\/tr>\n<tr class='row_even'>\n<td>Langogne<\/td>\n<td>09:43<\/td>\n<td>19:53<\/td>\n<\/tr>\n<tr class='row_odd'>\n<td>Al\u00e8s<\/td>\n<td>11:36<\/td>\n<td>21:38<\/td>\n<\/tr>\n<tr class='row_even'>\n<td>N\u00eemes<\/td>\n<td>12:15<\/td>\n<td>22:15<\/td>\n<\/tr>\n<\/tbody>\n<\/table>\n<p>La SNCF a rajout\u00e9 des ralentissements mais cette fois au sud de Langogne ! C&rsquo;est d\u00e9sormais la portion de ligne G\u00e9nholac &#8211; Al\u00e8s qui va voir sa vitesse r\u00e9duite au vu de \u00ab\u00a0la v\u00e9tust\u00e9 des infrastructures\u00a0\u00bb dit-elle&#8230; Nouvelle manifestation donc le 5 novembre \u00e0 Villefort \u00e0 l&rsquo;appel de l&rsquo;<a href=\"http:\/\/www.defense-promotion-cevenol.fr\/site\/\">association des \u00e9lus pour la d\u00e9fense du C\u00e9venol<\/a>. Nous y serons.<\/strong><\/font><br \/>\n&nbsp;<br \/>\n<font color=blue>Une affiche regroupant les nouveaux horaires et quelques exemples de trajets courants (vers Clermont, Lyon, Marseille, Toulouse, Aurillac) \u00e0 apposer o\u00f9 bon vous semble est disponible.<\/font><br \/>\n&nbsp;<\/p>\n<p><em>Rappel :<\/em><br \/>\n&nbsp;<br \/>\nCe mercredi 25 ao\u00fbt 2010 la p\u00e9tition arr\u00eat\u00e9e \u00e0 460 signatures a \u00e9t\u00e9 transmise :<\/p>\n<p>&#8211; au pr\u00e9sident de la SNCF Guillaume P\u00e9py<br \/>\n&#8211; au pr\u00e9sident de la r\u00e9gion Auvergne Ren\u00e9 Souchon<br \/>\n&#8211; au pr\u00e9sident de la r\u00e9gion Languedoc &#8211; Roussillon Georges Fr\u00eache<br \/>\n&#8211; aux directeurs r\u00e9gionaux SNCF<br \/>\n&#8211; \u00e0 la presse<br \/>\n&nbsp;<br \/>\n<strong>Voici la <a href=\"http:\/\/alleyras.capitale.dulibre.net\/IMG\/pdf\/petition-gare-alleyras-sncf-presidence.pdf\">lettre<\/a> destin\u00e9e au pr\u00e9sident de la SNCF.<\/strong><br \/>\n&nbsp;<\/p>\n<p><strong>Voici les retomb\u00e9es dans les m\u00e9dias :<\/strong><\/p>\n<p>&#8211; <strong>Bleu Auvergne<\/strong> du 25 ao\u00fbt 2010 <a href=\"http:\/\/alleyras.capitale.dulibre.net\/IMG\/mp3\/bleu-auvergne-17h00-25-aout-2010.mp3\">journal<\/a> de 17 heures o\u00f9 l&rsquo;on apprend que le d\u00e9l\u00e9gu\u00e9 aux TER de la r\u00e9gion Auvergne Luc Bourduge promet de revoir la grille pour une d\u00e9cision \u00ab\u00a0certainement favorable\u00a0\u00bb : <\/p>\n<p>&#8211; <strong>Bleu Auvergne<\/strong> du 25 ao\u00fbt 2010 <a href=\"http:\/\/alleyras.capitale.dulibre.net\/IMG\/mp3\/bleu-auvergne-18h00-25-aout-2010.mp3\">journal<\/a> de 18 heures o\u00f9 l&rsquo;on apprend que la r\u00e9gion Auvergne promet de revoir sa grille : <\/p>\n<p>&#8211; <strong>Bleu Auvergne<\/strong> du 26 ao\u00fbt 2010 <a href=\"http:\/\/alleyras.capitale.dulibre.net\/IMG\/mp3\/bleu-auvergne-7h00-26-aout-2010.mp3\">journal<\/a> de 7 heures o\u00f9 l&rsquo;on apprend que la r\u00e9gion Auvergne pourrait mettre en place un arr\u00eat suppl\u00e9mentaire le matin <strong>[oui mais \u00e7a ne nous suffit pas !]<\/strong> : <\/p>\n<p>&#8211; <strong>Bleu Auvergne<\/strong> du 26 ao\u00fbt 2010 journal de 8 heures, <a href=\"http:\/\/alleyras.capitale.dulibre.net\/IMG\/mp3\/bleu-auvergne-8h00-26-aout-2010.mp3\">redite<\/a> du journal de 17 heures la veille : <\/p>\n<p>&#8211; <a href=\"http:\/\/www.leprogres.fr\/fr\/region\/la-haute-loire\/haute-loire\/article\/3674802\/500.html\"><strong>Le Progr\u00e8s de Lyon \/ La Tribune<\/strong><\/a> <a href=\"http:\/\/www.leprogres.fr\/fr\/region\/la-haute-loire\/haute-loire\/article\/3674802\/500.html\">annonce<\/a> l&rsquo;envoi de la p\u00e9tition.<\/p>\n<p>&#8211; <strong>La Montagne<\/strong> du jeudi 26 ao\u00fbt avec un bon <a href=\"http:\/\/alleyras.capitale.dulibre.net\/IMG\/jpg\/lamontagne-il-faut-six-arrets.jpg\">article<\/a> :<\/p>\n<p>&#8211; <strong>Radio Margeride<\/strong> du 3 septembre 2010 <a href=\"http:\/\/alleyras.capitale.dulibre.net\/IMG\/mp3\/radiomargeride-03092010-journal-12h00.mp3\">journal<\/a> de 12 heures et de 16 h 30 : <\/p>\n<p>&#8211; <strong>Zoom43<\/strong> du lundi 6 septembre 2010 avec un <a href=\"http:\/\/www.zoom43.fr\/actu\/ACT_detail.asp?strId=49008&#038;strArtTypId=1\">excellent article<\/a> dans lequel Ren\u00e9 Souchon pose l&rsquo;\u00e9ch\u00e9ance de la d\u00e9cision au 27 septembre lors de la commission permanente du conseil r\u00e9gional Auvergne.<\/p>\n<p>&#8211; <strong>Zoom43<\/strong> du mercredi 29 septembre 2010 avec un <a href=\"http:\/\/www.zoom43.fr\/actu\/ACT_detail.asp?strId=49923\">article<\/a> dans lequel les journalistes s&rsquo;enflamment peut-\u00eatre un peu vite. Prudence..<\/p>\n<p>&#8211; <a href=\"http:\/\/www.leprogres.fr\/fr\/region\/la-haute-loire\/haute-loire\/article\/3892721\/Pont-d-Alleyras-pas-de-cris-de-joie-apres-l-annonce-du-conseil-regional.html\"><strong>Le Progr\u00e8s de Lyon \/ La Tribune<\/strong><\/a> trouve notre r\u00e9action pas suffisamment enflamm\u00e9e&#8230; C&rsquo;est plut\u00f4t que rien n&rsquo;est encore officiel. C&rsquo;est tout. Nous nous enflammerons le moment venu c&rsquo;est promis !<\/p>\n<p>&#8211; <strong>Zoom43<\/strong> du mercredi 14 octobre 2010 avec un <a href=\"http:\/\/www.zoomdici.fr\/actualite\/Gare-d-Alleyras-Le-President-de-la-SNCF-rassure-id100034.html?PHPSESSID=f7422766e849999c1db630c9aa974733\">article<\/a> dans lequel Guillaume P\u00e9py, pr\u00e9sident de la SNCF confirme les bonnes nouvelles. Il dit vouloir assurer un service de qualit\u00e9 aux habitants du Haut-Allier. Nous on s&rsquo;esclaffe l\u00e9g\u00e8rement car aucun effort na \u00e9t\u00e9 fait par la SNCF dans l&rsquo;histoire, le C\u00e9venol ne s&rsquo;arr\u00eate toujours pas et c&rsquo;est la r\u00e9gion Auvergne qui a r\u00e9agi positivement \u00e0 notre p\u00e9tition le plus vite, d\u00e8s le 25 ao\u00fbt, en demandant \u00e0 la soci\u00e9t\u00e9 nationale l&rsquo;arr\u00eat dans notre gare de tous ses TER. On n&rsquo;oublie pas non plus que Guillaume P\u00e9py a \u00e9t\u00e9 directeur des Grandes Lignes, donc du C\u00e9venol qu&rsquo;il conna\u00eet parfaitement, avant d&rsquo;\u00eatre pr\u00e9sident, et qu&rsquo;il a tout fait pour essayer de fermer la ligne durant des dizaines d&rsquo;ann\u00e9es. On ne citera que :<\/p>\n<p>&#8211; la suppression progressive des arr\u00eats, exemple la gare d&rsquo;Alleyras auquel \u00e7a pendait au nez,<br \/>\n&#8211; la volont\u00e9 de suppression du train C\u00e9venol lui m\u00eame, qui se traduit toujours par exemple par la r\u00e9duction constante du nombre de rames. Les voyageurs du vendredi soir et du dimanche soir savent de quoi nous parlons, press\u00e9s qu&rsquo;ils sont comme des sardines dans des wagons de taille insuffisante,<br \/>\n&#8211; la non diffusion dans les gares, qui dure, des fiches horaires nationales sur ce trajet \u00e0 vocation nationale et inter cit\u00e9s,<br \/>\n&#8211; les allongements de temps de parcours d\u00e9courageants pour les utilisateurs, toujours d&rsquo;actualit\u00e9, suite aux ralentissements sans fin impos\u00e9s par la SNCF elle-m\u00eame. Toujours dans l&rsquo;espoir secret de fermeture ? Elle qui a abandonn\u00e9 le maintien en \u00e9tat des infrastructures depuis des d\u00e9cennies et qui fait la manche aupr\u00e8s des collectivit\u00e9s r\u00e9gionales pour les quelques r\u00e9parations et \u00ab mises en s\u00e9curit\u00e9 \u00bb qu&rsquo;elle entreprend, contrainte et forc\u00e9e par les associations de d\u00e9fense et les d\u00e9cideurs locaux.<\/p>\n<p>&#8211; <strong>L&rsquo;Eveil<\/strong> du <a href=\"http:\/\/alleyras.capitale.dulibre.net\/IMG\/jpg\/LEVEIL-16102010-pepy-et-proriol.jpg\">jeudi 15 octobre<\/a> 2010. On notera dans le chapeau du journaliste que c&rsquo;est le d\u00e9put\u00e9 qui a demand\u00e9 de nouveaux arr\u00eats \u00e0 la SNCF pour Alleyras. Le collectif et sa p\u00e9tition n&rsquo;existent pas.<\/p>\n<p>&#8211; <strong>Zoom43<\/strong> du lundi 18 octobre 2010 avec un <a href=\"http:\/\/zoom43.fr\/actu\/ACT_detail.asp?strId=50558\">article<\/a> qui reprend int\u00e9gralement notre r\u00e9action \u00e0 la d\u00e9claration de P\u00e9py.<\/p>\n<p>&#8211; <a href=\"http:\/\/www.leprogres.fr\/fr\/region\/la-haute-loire\/haute-loire\/article\/3997390\/Ligne-entre-Langeac-et-Langogne-les-precisions-de-la-direction.html\"><strong>Le Progr\u00e8s de Lyon \/ La Tribune<\/strong><\/a> du 18 octobre annonce lui aussi la r\u00e9ponse de P\u00e9py&#8230;<\/p>\n<p>&#8211; <a href=\"http:\/\/www.lamontagne.fr\/haute-loire\/la_ligne__cevenol__abonnee_au_zig_zag@CARGNjFdJSsBFh8BAB4-.html\"><strong>La Monrtagne<\/strong><\/a> du 23 octobre fait le point avec un article assez \u00e9quilibr\u00e9.<\/p>\n<p>&#8211; <a href=\"http:\/\/www.leprogres.fr\/fr\/region\/la-haute-loire\/haute-loire\/article\/4043610\/Les-usagers-de-la-SNCF-appellent-a-manifester-vendredi-5-novembre.html\"><strong>Le Progr\u00e8s de Lyon \/ La Tribune<\/strong><\/a> du 27 octobre relaye notre point de vue.<\/p>\n<p>&#8211; [<strong>L&rsquo;\u00e9veil<\/strong> du 27 octobre <a href=\"http:\/\/alleyras.capitale.dulibre.net\/IMG\/jpg\/art_alleyras-ter-arrets-2011_eveil_20101027.jpg\">relaye <\/a> enfin notre r\u00e9action.<\/p>\n","protected":false},"excerpt":{"rendered":"<p>Mise \u00e0 jour du 11 d\u00e9cembre : On notera avec int\u00e9r\u00eat les r\u00e9ponses pr\u00e9cises de Jean Gh\u00e9dira, directeur<\/p>\n","protected":false},"author":1,"featured_media":0,"comment_status":"closed","ping_status":"open","sticky":false,"template":"","format":"standard","meta":{"footnotes":""},"categories":[2],"tags":[],"class_list":["post-22","post","type-post","status-publish","format-standard","hentry","category-infos"],"_links":{"self":[{"href":"https:\/\/usagers-transports.haut-allier.eu\/index.php\/wp-json\/wp\/v2\/posts\/22","targetHints":{"allow":["GET"]}}],"collection":[{"href":"https:\/\/usagers-transports.haut-allier.eu\/index.php\/wp-json\/wp\/v2\/posts"}],"about":[{"href":"https:\/\/usagers-transports.haut-allier.eu\/index.php\/wp-json\/wp\/v2\/types\/post"}],"author":[{"embeddable":true,"href":"https:\/\/usagers-transports.haut-allier.eu\/index.php\/wp-json\/wp\/v2\/users\/1"}],"replies":[{"embeddable":true,"href":"https:\/\/usagers-transports.haut-allier.eu\/index.php\/wp-json\/wp\/v2\/comments?post=22"}],"version-history":[{"count":0,"href":"https:\/\/usagers-transports.haut-allier.eu\/index.php\/wp-json\/wp\/v2\/posts\/22\/revisions"}],"wp:attachment":[{"href":"https:\/\/usagers-transports.haut-allier.eu\/index.php\/wp-json\/wp\/v2\/media?parent=22"}],"wp:term":[{"taxonomy":"category","embeddable":true,"href":"https:\/\/usagers-transports.haut-allier.eu\/index.php\/wp-json\/wp\/v2\/categories?post=22"},{"taxonomy":"post_tag","embeddable":true,"href":"https:\/\/usagers-transports.haut-allier.eu\/index.php\/wp-json\/wp\/v2\/tags?post=22"}],"curies":[{"name":"wp","href":"https:\/\/api.w.org\/{rel}","templated":true}]}}