{"id":222,"date":"2015-06-11T05:44:11","date_gmt":"2015-06-11T03:44:11","guid":{"rendered":"http:\/\/5.45.101.177\/haut-allier\/usagers-transportse\/index.php\/2015\/06\/11\/reouverture-des-guichets-de-la222\/"},"modified":"2015-06-11T05:44:11","modified_gmt":"2015-06-11T03:44:11","slug":"reouverture-des-guichets-de-la222","status":"publish","type":"post","link":"https:\/\/usagers-transports.haut-allier.eu\/index.php\/2015\/06\/11\/reouverture-des-guichets-de-la222\/","title":{"rendered":"R\u00e9ouverture des guichets de la ligne du train C\u00e9venol : \u00e0 G\u00e9nolhac le 15 juin et pour Villefort et la Grand Combe ?"},"content":{"rendered":"<p>Nous venons d&rsquo;apprendre en lisant Objectif Gard que le guichet de G\u00e9nolhac sera rouvert le 15 juin. Bravo au comit\u00e9 de d\u00e9fense. Mais son pr\u00e9sident Claude Magnien ajoute dans l&rsquo;article : \u00ab\u00a0La SNCF, elle n&rsquo;en a rien \u00e0 foutre ni des C\u00e9venols, ni du reste. Dans quelques temps, m\u00eame la ligne sera morte. C&rsquo;est pour \u00e7a qu&rsquo;il faut rester mobilis\u00e9s car si nous avons gagn\u00e9 une bataille aujourd&rsquo;hui, il faudra aller au combat demain\u00a0\u00bb. Claire vision.<br \/>\n&nbsp;<br \/>\nL&rsquo;<a href=\"https:\/\/www.objectifgard.com\/2015\/06\/10\/genolhac-le-guichet-sncf-rouvre-enfin\/\">article du journal gardois<\/a>.<br \/>\n&nbsp;<\/p>\n<p><img decoding=\"async\" src=\"IMG\/jpg\/gare-villefort-guichet.jpg\" alt=\"gare-villefort-guichet.jpg\" align=\"center\" \/><br \/>\n&nbsp;<br \/>\nDu c\u00f4t\u00e9 de la Grand Combe et de Villefort : Rien. Aussi le collectif de d\u00e9fense de Villefort vient de publier un communiqu\u00e9 :<br \/>\n&nbsp;<\/p>\n<p>[(<br \/>\nA l&rsquo;occasion d&rsquo;une r\u00e9union en sous-pr\u00e9fecture d&rsquo;Al\u00e8s consacr\u00e9e aux modalit\u00e9s de r\u00e9ouverture du guichet de G\u00e9nolhac, le collectif citoyen pour la r\u00e9ouverture du guichet SNCF de Villefort a pu remettre aux repr\u00e9sentants de la R\u00e9gion : Mme Meunier Polge Vice-Pr\u00e9sidente du Conseil R\u00e9gional en charge des transports, et de la SNCF : M Schoukroun Directeur des affaires Territoriales, les 1532 signatures recueillies \u00e0 Villefort et dans les environs de la p\u00e9tition demandant la r\u00e9ouverture du guichet de Villefort pour la p\u00e9rennit\u00e9 de la ligne SNCF des C\u00e9vennes.<br \/>\n&nbsp;<br \/>\nCe repr\u00e9sentant de la SNCF s&rsquo;est engag\u00e9 \u00e0  venir \u00e0 Villefort \u00e0 l&rsquo;invitation de Mme la Maire pour une r\u00e9union sur le sujet dans la 1\u00e8re quinzaine de juillet. On comprendrait mal que la R\u00e9gion refuse de s&rsquo;y joindre.<br \/>\n&nbsp;<br \/>\nEnfin la forte mobilisation des habitants de ce territoire rencontre un \u00e9cho.<br \/>\nIl est certain que lors de cette r\u00e9union les citoyens seront nombreux pour leur dire combien cette fermeture du guichet SNCF est inacceptable.<br \/>\n&nbsp;<br \/>\nIl serait temps que le Conseil R\u00e9gional, garant du service public et de l&rsquo;\u00e9galit\u00e9 territoriale, assume ses responsabilit\u00e9s d&rsquo;Autorit\u00e9 organisatrice des transports ferroviares r\u00e9gionaux de voyageurs, car en mati\u00e8re de guichets, c&rsquo;est lui le donneur d&rsquo;ordre, et qu&rsquo;il cesse d&rsquo;avaliser les d\u00e9sid\u00e9rata de la SNCF qui n&rsquo;est que l&rsquo;op\u00e9rateur.<br \/>\n&nbsp;<br \/>\nQue la SNCF adopte une strat\u00e9gie de sabordage de la ligne, c&rsquo;est tout \u00e0 fait regrettable de la part d&rsquo;une entreprise 100% publique, mais que la R\u00e9gion la suive dans cette strat\u00e9gie, ce serait une grave erreur politique.<br \/>\n&nbsp;<br \/>\nIgnorer cette demande unanime et raisonnable de la population et des \u00e9lus locaux de r\u00e9ouverture du guichet serait en quelque sorte un d\u00e9ni de d\u00e9mocratie.<br \/>\n&nbsp;<br \/>\nNote : cette demande est tout ce qu&rsquo;il y a de plus raisonnable car il y a toujours un agent SNCF en gare qui ne demande qu&rsquo;\u00e0 continuer \u00e0 pratiquer l&rsquo;activit\u00e9 \u00ab\u00a0information et vente de billets\u00a0\u00bb comme il l&rsquo;a toujours fait.<br \/>\n&nbsp;<br \/>\n<img decoding=\"async\" src=\"IMG\/jpg\/alesguichets100615.jpg\" alt=\"alesguichets100615.jpg\" align=\"center\" \/><br \/>\n&nbsp;<br \/>\n)]<\/p>\n","protected":false},"excerpt":{"rendered":"<p>Nous venons d&rsquo;apprendre en lisant Objectif Gard que le guichet de G\u00e9nolhac sera rouvert le 15 juin. Bravo<\/p>\n","protected":false},"author":1,"featured_media":0,"comment_status":"closed","ping_status":"open","sticky":false,"template":"","format":"standard","meta":{"footnotes":""},"categories":[3],"tags":[],"class_list":["post-222","post","type-post","status-publish","format-standard","hentry","category-en-train"],"_links":{"self":[{"href":"https:\/\/usagers-transports.haut-allier.eu\/index.php\/wp-json\/wp\/v2\/posts\/222","targetHints":{"allow":["GET"]}}],"collection":[{"href":"https:\/\/usagers-transports.haut-allier.eu\/index.php\/wp-json\/wp\/v2\/posts"}],"about":[{"href":"https:\/\/usagers-transports.haut-allier.eu\/index.php\/wp-json\/wp\/v2\/types\/post"}],"author":[{"embeddable":true,"href":"https:\/\/usagers-transports.haut-allier.eu\/index.php\/wp-json\/wp\/v2\/users\/1"}],"replies":[{"embeddable":true,"href":"https:\/\/usagers-transports.haut-allier.eu\/index.php\/wp-json\/wp\/v2\/comments?post=222"}],"version-history":[{"count":0,"href":"https:\/\/usagers-transports.haut-allier.eu\/index.php\/wp-json\/wp\/v2\/posts\/222\/revisions"}],"wp:attachment":[{"href":"https:\/\/usagers-transports.haut-allier.eu\/index.php\/wp-json\/wp\/v2\/media?parent=222"}],"wp:term":[{"taxonomy":"category","embeddable":true,"href":"https:\/\/usagers-transports.haut-allier.eu\/index.php\/wp-json\/wp\/v2\/categories?post=222"},{"taxonomy":"post_tag","embeddable":true,"href":"https:\/\/usagers-transports.haut-allier.eu\/index.php\/wp-json\/wp\/v2\/tags?post=222"}],"curies":[{"name":"wp","href":"https:\/\/api.w.org\/{rel}","templated":true}]}}