{"id":223,"date":"2015-06-16T16:28:25","date_gmt":"2015-06-16T14:28:25","guid":{"rendered":"http:\/\/5.45.101.177\/haut-allier\/usagers-transportse\/index.php\/2015\/06\/16\/ligne-du-train-cevenol-pas-de223\/"},"modified":"2015-06-16T16:28:25","modified_gmt":"2015-06-16T14:28:25","slug":"ligne-du-train-cevenol-pas-de223","status":"publish","type":"post","link":"https:\/\/usagers-transports.haut-allier.eu\/index.php\/2015\/06\/16\/ligne-du-train-cevenol-pas-de223\/","title":{"rendered":"Ligne du train C\u00e9venol : pas de r\u00e9ouverture avant fin juillet 2015 au mieux"},"content":{"rendered":"<p><strong>Une r\u00e9union ce mardi 16 juin en mairie d&rsquo;Alleyras avec le d\u00e9partement, la SNCF, l&rsquo;\u00e9quipe municipale dont l&rsquo;ordre du jour \u00e9tait myst\u00e9rieux. Qu&rsquo;allait-on nous annoncer ?<\/strong><br \/>\n&nbsp;<br \/>\n<img decoding=\"async\" src=\"IMG\/jpg\/alleyras-reunion-banderole-usagers-transports-haut-allier-eu-eboulement-16juin2016-1.jpg\" alt=\"alleyras-reunion-banderole-usagers-transports-haut-allier-eu-eboulement-16juin2016-1.jpg\" align=\"center\" \/><br \/>\n&nbsp;<br \/>\nNombreuse assistance pour cette r\u00e9union publique consacr\u00e9e \u00e0 la coupure de la RD40 et \u00e0 celle de la voie ferroviaire des C\u00e9vennes. Plus aucun train ni circulation maintenant depuis mi mars, depuis trois mois.<br \/>\n&nbsp;<br \/>\nLa venue du pr\u00e9fet avait \u00e9t\u00e9 annul\u00e9e suite \u00e0 des rumeurs de manifestations.<br \/>\n&nbsp;<br \/>\nLes habitants et les usagers craignaient une explication sur les probl\u00e8mes entre ayants droits li\u00e9s \u00e0 l&rsquo;\u00e9limination de l&rsquo;\u00e9boulement, il n&rsquo;en fut heureusement rien.<br \/>\n&nbsp;<br \/>\nSi le d\u00e9partement reconnaissait avoir un peu tra\u00een\u00e9 les pieds au d\u00e9but du deuxi\u00e8me \u00e9boulement durant une semaine, une r\u00e9union la semaine derni\u00e8re \u00e0 la pr\u00e9fecture semble avoir bien \u00e9clairci la situation.<br \/>\n&nbsp;<br \/>\nIl nous fut annonc\u00e9 que le propri\u00e9taire des terrains \u00e9boul\u00e9s WWF allait d\u00e8s cette semaine, ce jeudi, et durant 15 jours entamer une \u00e9tude de risques. A la suite de quoi les services d\u00e9partementaux allaient d\u00e9cider des travaux \u00e0 effectuer. Combien de temps est-ce que ces op\u00e9rations du d\u00e9partement dureront, c&rsquo;est le grand myst\u00e8re quand m\u00eame.<br \/>\n&nbsp;<br \/>\nEnsuite les responsables de SNCF R\u00e9seau (ex RFF) assuraient qu&rsquo;une fois la route RD40 d\u00e9gag\u00e9e ils pouvaient assurer la r\u00e9ouverture de la ligne ferroviaire en une semaine \u00e0 15 jours maximum.<br \/>\n&nbsp;<br \/>\nTout ceci nous m\u00e8ne, si on choisit 15 jours de traitement pour le conseil d\u00e9partemental de Haute-Loire \u00e0 15 + 15 + 10 = + 35 jours, <strong>soit aux alentours du 23 juillet au mieux.<\/strong><br \/>\n&nbsp;<br \/>\nLes participants ont tous d\u00e9nonc\u00e9 le manque \u00e0 gagner de ces coupures en pleine saison. Mais nous disposons d\u00e9sormais d&rsquo;un semblant de calendrier. C&rsquo;est positif.<br \/>\n&nbsp;<br \/>\nLe collectif des usagers des transports du haut Allier avait \u00e9tendu ses banderoles pour manifester son m\u00e9contentement. Quelques journalistes \u00e9taient pr\u00e9sents.<br \/>\n&nbsp;<br \/>\n<img decoding=\"async\" src=\"IMG\/jpg\/alleyras-reunion-banderole-usagers-transports-haut-allier-eu-eboulement-16juin2016-w.jpg\" alt=\"alleyras-reunion-banderole-usagers-transports-haut-allier-eu-eboulement-16juin2016-w.jpg\" align=\"center\" \/><br \/>\n&nbsp;<br \/>\n<strong>Dans les m\u00e9dias :<\/strong><br \/>\n&nbsp;<br \/>\n&#8211; L&rsquo;Eveil de Haute-Loire du <a href=\"http:\/\/www.leveil.fr\/actualite\/Eboulement-a-Alleyras-un-calendrier-des-travaux-d-ici-15-jours-106840\">17 juin 2015<\/a>.<br \/>\n&#8211; Le Progr\u00e8s du 17 juin 2015.<br \/>\n&nbsp;<br \/>\n<img decoding=\"async\" src=\"IMG\/jpg\/PDF-Page_1-edition-de-la-haute-loire_20150617.jpg\" alt=\"PDF-Page_1-edition-de-la-haute-loire_20150617.jpg\" align=\"center\" \/><br \/>\n&nbsp;<br \/>\n<img decoding=\"async\" src=\"IMG\/jpg\/PDF-Page_10-edition-de-la-haute-loire_20150617.jpg\" alt=\"PDF-Page_10-edition-de-la-haute-loire_20150617.jpg\" align=\"center\" \/><br \/>\n&nbsp;<br \/>\n&#8211; La Montagne du 18 juin 2015.<br \/>\n&nbsp;<br \/>\n<img decoding=\"async\" src=\"IMG\/jpg\/usagers-transports-haut-allier-eu-la-montagne-18-juin-2015.jpg\" alt=\"usagers-transports-haut-allier-eu-la-montagne-18-juin-2015.jpg\" align=\"center\" \/><br \/>\n&nbsp;<br \/>\n&#8211; France 3 Auvergne <a href=\"http:\/\/france3-regions.francetvinfo.fr\/auvergne\/2015\/06\/19\/alleyras-43-les-habitants-attendent-depuis-3-mois-le-deblaiement-de-leur-route-751553.html\">journal de 12h00<\/a> du 19 juin : Alleyras (43) : les habitants attendent depuis 3 mois le d\u00e9blaiement de leur route.<br \/>\n&nbsp;<br \/>\n<iframe loading=\"lazy\" frameborder=\"0\" width=\"500\" height=\"300\" src=\"http:\/\/api.dmcloud.net\/player\/embed\/4f3d114d94a6f66945000325\/5583e7479473994f15756e8b\/3c85649dd7c94731b67b900a01ae8c76?exported=1\"><\/iframe><\/p>\n","protected":false},"excerpt":{"rendered":"<p>Une r\u00e9union ce mardi 16 juin en mairie d&rsquo;Alleyras avec le d\u00e9partement, la SNCF, l&rsquo;\u00e9quipe municipale dont l&rsquo;ordre<\/p>\n","protected":false},"author":1,"featured_media":0,"comment_status":"closed","ping_status":"open","sticky":false,"template":"","format":"standard","meta":{"footnotes":""},"categories":[3],"tags":[],"class_list":["post-223","post","type-post","status-publish","format-standard","hentry","category-en-train"],"_links":{"self":[{"href":"https:\/\/usagers-transports.haut-allier.eu\/index.php\/wp-json\/wp\/v2\/posts\/223","targetHints":{"allow":["GET"]}}],"collection":[{"href":"https:\/\/usagers-transports.haut-allier.eu\/index.php\/wp-json\/wp\/v2\/posts"}],"about":[{"href":"https:\/\/usagers-transports.haut-allier.eu\/index.php\/wp-json\/wp\/v2\/types\/post"}],"author":[{"embeddable":true,"href":"https:\/\/usagers-transports.haut-allier.eu\/index.php\/wp-json\/wp\/v2\/users\/1"}],"replies":[{"embeddable":true,"href":"https:\/\/usagers-transports.haut-allier.eu\/index.php\/wp-json\/wp\/v2\/comments?post=223"}],"version-history":[{"count":0,"href":"https:\/\/usagers-transports.haut-allier.eu\/index.php\/wp-json\/wp\/v2\/posts\/223\/revisions"}],"wp:attachment":[{"href":"https:\/\/usagers-transports.haut-allier.eu\/index.php\/wp-json\/wp\/v2\/media?parent=223"}],"wp:term":[{"taxonomy":"category","embeddable":true,"href":"https:\/\/usagers-transports.haut-allier.eu\/index.php\/wp-json\/wp\/v2\/categories?post=223"},{"taxonomy":"post_tag","embeddable":true,"href":"https:\/\/usagers-transports.haut-allier.eu\/index.php\/wp-json\/wp\/v2\/tags?post=223"}],"curies":[{"name":"wp","href":"https:\/\/api.w.org\/{rel}","templated":true}]}}