{"id":224,"date":"2015-06-19T06:40:08","date_gmt":"2015-06-19T04:40:08","guid":{"rendered":"http:\/\/5.45.101.177\/haut-allier\/usagers-transportse\/index.php\/2015\/06\/19\/ligne-du-train-cevenol-un-trajet224\/"},"modified":"2015-06-19T06:40:08","modified_gmt":"2015-06-19T04:40:08","slug":"ligne-du-train-cevenol-un-trajet224","status":"publish","type":"post","link":"https:\/\/usagers-transports.haut-allier.eu\/index.php\/2015\/06\/19\/ligne-du-train-cevenol-un-trajet224\/","title":{"rendered":"Ligne du train C\u00e9venol: un trajet du train touristique bien amput\u00e9 cette ann\u00e9e [MAJ]"},"content":{"rendered":"<p>A cause de la coupure de voie due \u00e0 l&rsquo;\u00e9boulement entre Monistrol et Alleyras cette saison 2015 (bien entam\u00e9e) le train touristique des Gorges de l&rsquo;Allier verra son parcours diminu\u00e9 \u00e0 la portion Langeac &#8211; Monistrol d&rsquo;Allier avec retour \u00e0 Langeac avant midi afin d&rsquo;assurer la restauration des passagers dans un restaurant local. C&rsquo;est en substance l&rsquo;annonce faite par Josette Chastel la directrice de production TER SNCF Auvergne lors de la r\u00e9union du comit\u00e9 de ligne Clermont-Ferrand Brioude hier soir \u00e0 Issoire.<br \/>\n&nbsp;<br \/>\nLe train roulera \u00e0 30 kms \/ heure maximum et le temps de parcours est de une heure.<br \/>\n&nbsp;<br \/>\nDans sa partie la plus pittoresque et sauvage, aucune circulation n&rsquo;a \u00e9t\u00e9 pr\u00e9vu entre Alleyras et Langogne au grand dam des acteurs touristiques locaux.<br \/>\n&nbsp;<br \/>\n<strong>[MAJ du 1er juillet]<\/strong><br \/>\n&nbsp;<br \/>\nLe trajet est donc tr\u00e8s r\u00e9duit : 25 kms au lieu de 67 kms et donc le SMAT du Haut-Allier fait un effort sur les prix :<br \/>\n&nbsp;<br \/>\nAdultes 18\u20ac \/ Enfants de 10 \u00e0 14 ans 15\u20ac \/ Enfants de 4 \u00e0 10ans  12\u20ac \/ &#8211; de 4 ans gratuit. Aller simple : 15 \u20ac<br \/>\n&nbsp;<\/p>\n<p>Le site du <a href=\"http:\/\/www.train-gorges-allier.com\/\">train touristique.<br \/>\n <\/a><\/p>\n","protected":false},"excerpt":{"rendered":"<p>A cause de la coupure de voie due \u00e0 l&rsquo;\u00e9boulement entre Monistrol et Alleyras cette saison 2015 (bien<\/p>\n","protected":false},"author":1,"featured_media":0,"comment_status":"closed","ping_status":"open","sticky":false,"template":"","format":"standard","meta":{"footnotes":""},"categories":[3],"tags":[],"class_list":["post-224","post","type-post","status-publish","format-standard","hentry","category-en-train"],"_links":{"self":[{"href":"https:\/\/usagers-transports.haut-allier.eu\/index.php\/wp-json\/wp\/v2\/posts\/224","targetHints":{"allow":["GET"]}}],"collection":[{"href":"https:\/\/usagers-transports.haut-allier.eu\/index.php\/wp-json\/wp\/v2\/posts"}],"about":[{"href":"https:\/\/usagers-transports.haut-allier.eu\/index.php\/wp-json\/wp\/v2\/types\/post"}],"author":[{"embeddable":true,"href":"https:\/\/usagers-transports.haut-allier.eu\/index.php\/wp-json\/wp\/v2\/users\/1"}],"replies":[{"embeddable":true,"href":"https:\/\/usagers-transports.haut-allier.eu\/index.php\/wp-json\/wp\/v2\/comments?post=224"}],"version-history":[{"count":0,"href":"https:\/\/usagers-transports.haut-allier.eu\/index.php\/wp-json\/wp\/v2\/posts\/224\/revisions"}],"wp:attachment":[{"href":"https:\/\/usagers-transports.haut-allier.eu\/index.php\/wp-json\/wp\/v2\/media?parent=224"}],"wp:term":[{"taxonomy":"category","embeddable":true,"href":"https:\/\/usagers-transports.haut-allier.eu\/index.php\/wp-json\/wp\/v2\/categories?post=224"},{"taxonomy":"post_tag","embeddable":true,"href":"https:\/\/usagers-transports.haut-allier.eu\/index.php\/wp-json\/wp\/v2\/tags?post=224"}],"curies":[{"name":"wp","href":"https:\/\/api.w.org\/{rel}","templated":true}]}}