{"id":225,"date":"2015-06-19T07:29:22","date_gmt":"2015-06-19T05:29:22","guid":{"rendered":"http:\/\/5.45.101.177\/haut-allier\/usagers-transportse\/index.php\/2015\/06\/19\/ligne-du-train-cevenol-aucune225\/"},"modified":"2015-06-19T07:29:22","modified_gmt":"2015-06-19T05:29:22","slug":"ligne-du-train-cevenol-aucune225","status":"publish","type":"post","link":"https:\/\/usagers-transports.haut-allier.eu\/index.php\/2015\/06\/19\/ligne-du-train-cevenol-aucune225\/","title":{"rendered":"Ligne du train C\u00e9venol : aucune am\u00e9lioration pr\u00e9vue dans les gares et haltes des gorges [r\u00e9ponse SNCF]"},"content":{"rendered":"<p><strong>[R\u00e9ponse SNCF re\u00e7ue le 25 juin]<\/strong><br \/>\n&nbsp;<br \/>\nNous recevons ce jour une r\u00e9ponse de la direction SNCF Auvergne concernant l&rsquo;information en temps r\u00e9el dans les haltes. Nous notons avec plaisir une certaine r\u00e9activit\u00e9 et surtout qu&rsquo;un plan d&rsquo;\u00e9quipement est programm\u00e9 pour les gares et haltes hors p\u00e9riurbain. Attendons donc avec impatience.<br \/>\n&nbsp;<br \/>\n<img decoding=\"async\" src=\"IMG\/jpg\/260620153027.jpg\" alt=\"260620153027.jpg\" align=\"center\" \/><\/p>\n<p>&nbsp;<\/p>\n<p><strong>[Article]<\/strong><br \/>\n&nbsp;<br \/>\nInvit\u00e9s par la r\u00e9gion \u00e0 la r\u00e9union du comit\u00e9 de ligne Clermont Ferrand Brioude (il n&rsquo;en existe pas pour la portion Langeac Chapeauroux) nous avons pos\u00e9 les questions qui nous pr\u00e9occupent aux pr\u00e9sents : Luc Bourduge, vice-pr\u00e9sident charg\u00e9 des transports \u00e0 la r\u00e9gion Auvergne, Josette Chastel, directrice de production \u00e0 TER SNCF Auvergne, Pierre Pomarel, DREAL (\u00e9tat) et au repr\u00e9sentant de SNCF R\u00e9seau.<br \/>\n&nbsp;<br \/>\nNos interrogations se sont port\u00e9es notamment sur :<br \/>\n&nbsp;<br \/>\n&#8211; l&rsquo;absence de comit\u00e9 de ligne entre Langeac et Chapeauroux \/ Langogne,<br \/>\n&#8211; les horaires inadapt\u00e9s le matin pour les gares des gorges du Haut Allier : premier train vers 9h et second vers 11h,<br \/>\n&#8211; la cr\u00e9ation d&rsquo;un train navette entre Langeac et Langogne.<br \/>\n&#8211; l&rsquo;information des voyageurs en temps r\u00e9el pour les retards ou annulations inexistante,<br \/>\n&#8211; l&rsquo;absence de distributeurs de billets.<br \/>\n&#8211; le choix des traverses en bois plut\u00f4t qu&rsquo;en b\u00e9ton pour les \u00e9l\u00e9ments chang\u00e9s depuis 4 ans dans les gorges de l&rsquo;Allier.<br \/>\n&nbsp;<\/p>\n<p>Vous pouvez \u00e9couter nos \u00e9changes et les r\u00e9ponses apport\u00e9es : rien de positif.<br \/>\n&nbsp;<br \/>\nPour le 3\u00e8me point par exemple malgr\u00e9 un budget sp\u00e9cial de 550 000 euros pour l&rsquo;am\u00e9lioration de l&rsquo;information aux usagers dans les gares auvergnates rien n&rsquo;a \u00e9t\u00e9 pr\u00e9vu au sud de Brioude. Il a aussi \u00e9t\u00e9 \u00e9voqu\u00e9 par Luc Bourduge et sur la pointe des pieds (nombreux cheminots dans la salle) la possibilit\u00e9 de r\u00e9soudre la probl\u00e9matique de l&rsquo;achat des billets dans nos gares par l&rsquo;installation de bornes DANS les trains. Dispositif auquel nous sommes tr\u00e8s favorables, bien \u00e9videmment. Qu&rsquo;attend-on ?<br \/>\n&nbsp;<br \/>\nDurant 7 premi\u00e8res minutes un \u00e9change sur le comportement non commercial des contr\u00f4leurs avec les r\u00e9ponses de Josette Chastel, puis notre intervention.<br \/>\n&nbsp;<br \/>\n<a href=\"IMG\/mp3\/usagers-transports-haut-allier-eu-comite-de-ligne-issoire-18-juin-2015-intervention.mp3\">usagers-transports-haut-allier-eu-comite-de-ligne-issoire-18-juin-2015-intervention.mp3<\/a><br \/>\n&nbsp;<br \/>\n<img decoding=\"async\" src=\"IMG\/jpg\/usagers-transports-haut-allier-eu-issoire-comite-de-ligne-18-juin-2015.jpg\" alt=\"usagers-transports-haut-allier-eu-issoire-comite-de-ligne-18-juin-2015.jpg\" align=\"center\" \/><br \/>\n&nbsp;<\/p>\n<p><strong>Le collectif des usagers vient d&rsquo;\u00e9crire \u00e0 la r\u00e9gion Auvergne et \u00e0 la direction r\u00e9gionale SNCF Auvergne pour demander des initiatives en ce qui concerne l&rsquo;information en temps r\u00e9el dans les haltes et gares du Haut-Allier.<\/strong><br \/>\n&nbsp;<br \/>\n<a href=\"IMG\/pdf\/usagers-transports-haut-allier-sncf-auvergne-19062015-information-temps-reel-gares-et-haltes-sud-brioude.pdf\">usagers-transports-haut-allier-sncf-auvergne-19062015-information-temps-reel-gares-et-haltes-sud-brioude.pdf<\/a><br \/>\n&nbsp;<br \/>\n<a href=\"IMG\/pdf\/usagers-transports-haut-allier-auvergne-19062015-information-temps-reel-gares-et-haltes-sud-brioude.pdf\">usagers-transports-haut-allier-auvergne-19062015-information-temps-reel-gares-et-haltes-sud-brioude.pdf<\/a><br \/>\n&nbsp;<\/p>\n<p><em>PS : L&rsquo;int\u00e9gralit\u00e9 de l&rsquo;enregistrement audio de la r\u00e9union est disponible pour les int\u00e9ress\u00e9s.<\/em><\/p>\n","protected":false},"excerpt":{"rendered":"<p>[R\u00e9ponse SNCF re\u00e7ue le 25 juin] &nbsp; Nous recevons ce jour une r\u00e9ponse de la direction SNCF Auvergne<\/p>\n","protected":false},"author":1,"featured_media":0,"comment_status":"closed","ping_status":"open","sticky":false,"template":"","format":"standard","meta":{"footnotes":""},"categories":[3],"tags":[],"class_list":["post-225","post","type-post","status-publish","format-standard","hentry","category-en-train"],"_links":{"self":[{"href":"https:\/\/usagers-transports.haut-allier.eu\/index.php\/wp-json\/wp\/v2\/posts\/225","targetHints":{"allow":["GET"]}}],"collection":[{"href":"https:\/\/usagers-transports.haut-allier.eu\/index.php\/wp-json\/wp\/v2\/posts"}],"about":[{"href":"https:\/\/usagers-transports.haut-allier.eu\/index.php\/wp-json\/wp\/v2\/types\/post"}],"author":[{"embeddable":true,"href":"https:\/\/usagers-transports.haut-allier.eu\/index.php\/wp-json\/wp\/v2\/users\/1"}],"replies":[{"embeddable":true,"href":"https:\/\/usagers-transports.haut-allier.eu\/index.php\/wp-json\/wp\/v2\/comments?post=225"}],"version-history":[{"count":0,"href":"https:\/\/usagers-transports.haut-allier.eu\/index.php\/wp-json\/wp\/v2\/posts\/225\/revisions"}],"wp:attachment":[{"href":"https:\/\/usagers-transports.haut-allier.eu\/index.php\/wp-json\/wp\/v2\/media?parent=225"}],"wp:term":[{"taxonomy":"category","embeddable":true,"href":"https:\/\/usagers-transports.haut-allier.eu\/index.php\/wp-json\/wp\/v2\/categories?post=225"},{"taxonomy":"post_tag","embeddable":true,"href":"https:\/\/usagers-transports.haut-allier.eu\/index.php\/wp-json\/wp\/v2\/tags?post=225"}],"curies":[{"name":"wp","href":"https:\/\/api.w.org\/{rel}","templated":true}]}}