{"id":226,"date":"2015-06-29T18:41:45","date_gmt":"2015-06-29T16:41:45","guid":{"rendered":"http:\/\/5.45.101.177\/haut-allier\/usagers-transportse\/index.php\/2015\/06\/29\/nos-fiches-horaires-ete-2015-pas226\/"},"modified":"2015-06-29T18:41:45","modified_gmt":"2015-06-29T16:41:45","slug":"nos-fiches-horaires-ete-2015-pas226","status":"publish","type":"post","link":"https:\/\/usagers-transports.haut-allier.eu\/index.php\/2015\/06\/29\/nos-fiches-horaires-ete-2015-pas226\/","title":{"rendered":"Nos fiches horaires \u00e9t\u00e9 2015 : pas avant que la ligne soit rouverte entre Langeac et Langogne"},"content":{"rendered":"<p><strong>A quelques jours de la mise en place des horaires d&rsquo;\u00e9t\u00e9 par la SNCF, dimanche 5 juillet, nous ne publierons pas cet \u00e9t\u00e9 2015 nos fiches horaires des circulations de trains dans le sud du massif central tant que la voie ferroviaire Langeac Langogne ne sera pas r\u00e9tablie<\/strong>.<br \/>\n&nbsp;<br \/>\nNous sommes farouchement oppos\u00e9s aux autobus de substitution mis en place par la SNCF, co\u00fbteux, ne desservant pas toutes les gares et particuli\u00e8rement inconfortables. Les relev\u00e9s officiels montrent que seuls 10% des voyageurs d\u00e9sireux de prendre un billet de train se reportent volontiers sur les bus de remplacement. C&rsquo;est tellement compr\u00e9hensible.<br \/>\n&nbsp;<br \/>\nPour ceux qui insistent ou ne peuvent pas faire autrement nous les invitons \u00e0 consulter les fiches officielles de la SNCF disponibles ici-dessous.<br \/>\n&nbsp;<br \/>\n<a href=\"IMG\/pdf\/Affiche_travaux_CLE_NI_du_0407_au_2208_V_du_29_06_tcm52-47592_tcm52-47589.pdf\">Affiche_travaux_CLE_NI_du_0407_au_2208_V_du_29_06_tcm52-47592_tcm52-47589.pdf<\/a><\/p>\n<p>&nbsp;<br \/>\nOn s&rsquo;apercevra que la circulation des trains n&rsquo;est effective qu&rsquo;entre Labastide Saint-Laurent les Bains et N\u00eemes, sauf pour le TER montant et celui descendant du soir qui partent et arrivent \u00e0 Langogne.<br \/>\n&nbsp;<br \/>\n<strong>Tr\u00e8s attentifs \u00e0 la r\u00e9ouverture nous diffuserons nos fiches sp\u00e9ciales quelques jours avant la date fatidique, que nous ne connaissons pas encore. <\/strong> <\/p>\n","protected":false},"excerpt":{"rendered":"<p>A quelques jours de la mise en place des horaires d&rsquo;\u00e9t\u00e9 par la SNCF, dimanche 5 juillet, nous<\/p>\n","protected":false},"author":1,"featured_media":0,"comment_status":"closed","ping_status":"open","sticky":false,"template":"","format":"standard","meta":{"footnotes":""},"categories":[9],"tags":[],"class_list":["post-226","post","type-post","status-publish","format-standard","hentry","category-en-auto"],"_links":{"self":[{"href":"https:\/\/usagers-transports.haut-allier.eu\/index.php\/wp-json\/wp\/v2\/posts\/226","targetHints":{"allow":["GET"]}}],"collection":[{"href":"https:\/\/usagers-transports.haut-allier.eu\/index.php\/wp-json\/wp\/v2\/posts"}],"about":[{"href":"https:\/\/usagers-transports.haut-allier.eu\/index.php\/wp-json\/wp\/v2\/types\/post"}],"author":[{"embeddable":true,"href":"https:\/\/usagers-transports.haut-allier.eu\/index.php\/wp-json\/wp\/v2\/users\/1"}],"replies":[{"embeddable":true,"href":"https:\/\/usagers-transports.haut-allier.eu\/index.php\/wp-json\/wp\/v2\/comments?post=226"}],"version-history":[{"count":0,"href":"https:\/\/usagers-transports.haut-allier.eu\/index.php\/wp-json\/wp\/v2\/posts\/226\/revisions"}],"wp:attachment":[{"href":"https:\/\/usagers-transports.haut-allier.eu\/index.php\/wp-json\/wp\/v2\/media?parent=226"}],"wp:term":[{"taxonomy":"category","embeddable":true,"href":"https:\/\/usagers-transports.haut-allier.eu\/index.php\/wp-json\/wp\/v2\/categories?post=226"},{"taxonomy":"post_tag","embeddable":true,"href":"https:\/\/usagers-transports.haut-allier.eu\/index.php\/wp-json\/wp\/v2\/tags?post=226"}],"curies":[{"name":"wp","href":"https:\/\/api.w.org\/{rel}","templated":true}]}}