{"id":227,"date":"2015-07-02T09:22:21","date_gmt":"2015-07-02T07:22:21","guid":{"rendered":"http:\/\/5.45.101.177\/haut-allier\/usagers-transportse\/index.php\/2015\/07\/02\/ligne-du-train-cevenol-a-alleyras227\/"},"modified":"2015-07-02T09:22:21","modified_gmt":"2015-07-02T07:22:21","slug":"ligne-du-train-cevenol-a-alleyras227","status":"publish","type":"post","link":"https:\/\/usagers-transports.haut-allier.eu\/index.php\/2015\/07\/02\/ligne-du-train-cevenol-a-alleyras227\/","title":{"rendered":"Ligne du train c\u00e9venol : \u00e0 Alleyras on pr\u00e9pare la r\u00e9ouverture en d\u00e9sherbant [MAJ] et \u00e0 G\u00e9nolhac on va f\u00eater le guichet"},"content":{"rendered":"<p>Mal inform\u00e9, car pas de panneau d&rsquo;affichage en temps r\u00e9el, un groupe de voyageuses attend patiemment que les palabres entre SNCF, Conseil d\u00e9partemental et WWF se terminent pour savoir qui va payer les travaux de d\u00e9blaiement des rochers qui coupent les voies suite aux \u00e9boulements survenus sur la RD40 voil\u00e0 trois mois, en somme que la r\u00e9ouverture de la ligne des C\u00e9vennes dans les gorges sauvages de l&rsquo;Allier, \u00e0 Alleyras, soit effective.<br \/>\n&nbsp;<br \/>\n<img decoding=\"async\" src=\"IMG\/jpg\/alleyras-gare-entretien-des-quais-et-voies-juillet-2015-00.jpg\" alt=\"alleyras-gare-entretien-des-quais-et-voies-juillet-2015-00.jpg\" align=\"center\" \/><br \/>\n&nbsp;<br \/>\nOh la Louise, aventureuse, a bien essay\u00e9 d\u2019appeler le chef de la gare voisine pour conna\u00eetre le retard du train habituel mais le vermoulu t\u00e9l\u00e9phone \u00e0 levier et manivelle se d\u00e9robait \u00e0 chaque tentative de d\u00e9crochage.<em> \u00ab\u00a0Quelle gourde la Louise !\u00a0\u00bb<\/em> ricanent la Jupette et la Grelotte toutes proches.<br \/>\n&nbsp;<br \/>\n<img decoding=\"async\" src=\"IMG\/jpg\/alleyras-gare-entretien-des-quais-et-voies-juillet-2015-02.jpg\" alt=\"alleyras-gare-entretien-des-quais-et-voies-juillet-2015-02.jpg\" align=\"center\" \/><br \/>\n&nbsp;<br \/>\nTrouvant sans doute le temps long et que l&rsquo;entretien de la gare laissait \u00e0 d\u00e9sirer, puisque herbes et ronces y poussent all\u00e8grement, le groupe de copines vient de d\u00e9cider de se substituer aux \u00e9quipes d&rsquo;entretien de la SNCF, division Gares et Connexions peut-\u00eatre, pas s\u00fbr, on ne sait plus.<br \/>\n&nbsp;<br \/>\n<img decoding=\"async\" src=\"IMG\/jpg\/alleyras-gare-entretien-des-quais-et-voies-juillet-2015-04.jpg\" alt=\"alleyras-gare-entretien-des-quais-et-voies-juillet-2015-04.jpg\" align=\"center\" \/><br \/>\n&nbsp;<br \/>\nLes brouteuses ont donc pris elles-m\u00eame le nettoyage des quais et voies de la halte en charge et on ne peut que les en f\u00e9liciter. Un exemple \u00e0 suivre pour la peinture \u00e0 refaire des lampadaires du quai tous rouill\u00e9s qui datent de la fin du 19\u00e8me si\u00e8cle, un choix de mobilier en d\u00e9liquescence avanc\u00e9e parmi d\u2019autres pr\u00e9sents ici.<br \/>\n&nbsp;<\/p>\n<p>Plus loin vers le sud, autre bonne initiative : le Comit\u00e9 de d\u00e9fense des services publics et des usagers dans les Hautes C\u00e9vennes va <strong>f\u00eater la r\u00e9ouverture du guichet de la gare de G\u00e9nolhac le mardi 4 ao\u00fbt prochain<\/strong>. Une r\u00e9ouverture arrach\u00e9e de haute lutte. Allons y nombreux et festoyons entre r\u00e9sistants !<br \/>\n&nbsp;<br \/>\nTiens, l&rsquo;article du Midi Libre retransmis par un activiste c\u00e9venol qu&rsquo;on remercie :<br \/>\n&nbsp;<br \/>\n<img decoding=\"async\" src=\"IMG\/jpg\/Unefete.jpg\" alt=\"Unefete.jpg\" align=\"center\" \/><br \/>\n&nbsp;<\/p>\n<p><strong>[MAJ du 10 juillet]<\/strong><br \/>\n&nbsp;<br \/>\nIl semble que les Dieux de la D\u00e9sherbance nous aient entendus puisque nous d\u00e9couvrons ce jour qu\u2019au moins les voies viennent d\u2019\u00eatre rafra\u00eechies, avec de plus une couche de ballast, de cailloux, cons\u00e9quente. Nous n\u2019en sommes pas revenus. Merci \u00e0 eux.<br \/>\n&nbsp;<br \/>\n<img decoding=\"async\" src=\"IMG\/jpg\/alleyras-capitale-info-dieux-de-la-desherbance-juillet-2015.jpg\" alt=\"alleyras-capitale-info-dieux-de-la-desherbance-juillet-2015.jpg\" align=\"center\" \/><br \/>\n&nbsp;<\/p>\n<p><strong>[MAJ du 20 juillet]<\/strong><br \/>\n&nbsp;<br \/>\nNous allons de surprise en surprise puisque ce matin un quai (sur deux) vient d&rsquo;\u00eatre d\u00e9sherb\u00e9 ! Peut-\u00eatre assisterons nous \u00e0 la r\u00e9novation de la halte avant la fin de l&rsquo;ann\u00e9e, voire la reprise du trafic ?<br \/>\n&nbsp;<br \/>\n<img decoding=\"async\" src=\"IMG\/jpg\/usagers-transports-haut-allier-eu-gare-desherbee-20juillet2015.jpg\" alt=\"usagers-transports-haut-allier-eu-gare-desherbee-20juillet2015.jpg\" align=\"center\" \/><\/p>\n","protected":false},"excerpt":{"rendered":"<p>Mal inform\u00e9, car pas de panneau d&rsquo;affichage en temps r\u00e9el, un groupe de voyageuses attend patiemment que les<\/p>\n","protected":false},"author":1,"featured_media":0,"comment_status":"closed","ping_status":"open","sticky":false,"template":"","format":"standard","meta":{"footnotes":""},"categories":[3],"tags":[],"class_list":["post-227","post","type-post","status-publish","format-standard","hentry","category-en-train"],"_links":{"self":[{"href":"https:\/\/usagers-transports.haut-allier.eu\/index.php\/wp-json\/wp\/v2\/posts\/227","targetHints":{"allow":["GET"]}}],"collection":[{"href":"https:\/\/usagers-transports.haut-allier.eu\/index.php\/wp-json\/wp\/v2\/posts"}],"about":[{"href":"https:\/\/usagers-transports.haut-allier.eu\/index.php\/wp-json\/wp\/v2\/types\/post"}],"author":[{"embeddable":true,"href":"https:\/\/usagers-transports.haut-allier.eu\/index.php\/wp-json\/wp\/v2\/users\/1"}],"replies":[{"embeddable":true,"href":"https:\/\/usagers-transports.haut-allier.eu\/index.php\/wp-json\/wp\/v2\/comments?post=227"}],"version-history":[{"count":0,"href":"https:\/\/usagers-transports.haut-allier.eu\/index.php\/wp-json\/wp\/v2\/posts\/227\/revisions"}],"wp:attachment":[{"href":"https:\/\/usagers-transports.haut-allier.eu\/index.php\/wp-json\/wp\/v2\/media?parent=227"}],"wp:term":[{"taxonomy":"category","embeddable":true,"href":"https:\/\/usagers-transports.haut-allier.eu\/index.php\/wp-json\/wp\/v2\/categories?post=227"},{"taxonomy":"post_tag","embeddable":true,"href":"https:\/\/usagers-transports.haut-allier.eu\/index.php\/wp-json\/wp\/v2\/tags?post=227"}],"curies":[{"name":"wp","href":"https:\/\/api.w.org\/{rel}","templated":true}]}}