{"id":228,"date":"2015-07-07T08:14:19","date_gmt":"2015-07-07T06:14:19","guid":{"rendered":"http:\/\/5.45.101.177\/haut-allier\/usagers-transportse\/index.php\/2015\/07\/07\/ligne-du-train-cevenol-pas-de228\/"},"modified":"2015-07-07T08:14:19","modified_gmt":"2015-07-07T06:14:19","slug":"ligne-du-train-cevenol-pas-de228","status":"publish","type":"post","link":"https:\/\/usagers-transports.haut-allier.eu\/index.php\/2015\/07\/07\/ligne-du-train-cevenol-pas-de228\/","title":{"rendered":"Ligne du train C\u00e9venol : pas de r\u00e9ouverture avant fin ao\u00fbt \/ d\u00e9but automne [MAJ]"},"content":{"rendered":"<p><strong>[MAJ du 13 juillet]<\/strong><br \/>\n&nbsp;<br \/>\nDes rumeurs font \u00e9tat d&rsquo;une impossibilit\u00e9 de r\u00e9ouverture avant la mi octobre 2015&#8230;<br \/>\n&nbsp;<\/p>\n<p><strong>[Article du 7 juillet]<\/strong><br \/>\n&nbsp;<br \/>\nHier soir se tenait une r\u00e9union en pr\u00e9fecture de Haute-Loire afin de faire un point sur le calendrier de r\u00e9ouverture de la ligne ferroviaire des c\u00e9vennes, dans les gorges sauvages de l&rsquo;Allier entre Monistrol et Langogne. Les repr\u00e9sentants de WWF \u00e9taient absents mais le plan ne souffrira pas d&rsquo;\u00e9ventuelles proc\u00e9dures ou plaintes en justice. Il y a apparemment entente entre les diff\u00e9rentes parties.<br \/>\n&nbsp;<br \/>\n<strong>La ligne ferroviaire rouverte en premier<\/strong><br \/>\n&nbsp;<br \/>\nIl a donc \u00e9t\u00e9 communiqu\u00e9 que la circulation des trains serait r\u00e9tablie d\u2019abord avec un d\u00e9lai de fin d\u2019\u00e9t\u00e9 \/ d\u00e9but d\u2019automne. Les rochers imm\u00e9diatement mena\u00e7ant seront trait\u00e9s, la voie ferroviaire rouverte, puis la route RD40 sera d\u00e9blay\u00e9e et un \u00e9norme bloc potentiellement dangereux mais moins mena\u00e7ant sera fix\u00e9. Enfin la petite route sera rendue aux usagers.<br \/>\n&nbsp;<br \/>\n<strong>La fin des travaux sur la voie repouss\u00e9e<\/strong><br \/>\n&nbsp;<br \/>\nLes travaux SNCF sur la voie qui devaient se terminer d\u00e9but juillet sont \u00e9tal\u00e9s dans le temps vu les difficult\u00e9s induites par l&rsquo;\u00e9boulement. Deux \u00e9quipes distinctes, d&rsquo;Auvergne et du sud de la France travaillent au nord et au sud simultan\u00e9ment et respectivement.<br \/>\n&nbsp;<br \/>\n<strong>Une saison touristique en peau de chagrin<\/strong><br \/>\n&nbsp;<br \/>\nToujours est-il que l&rsquo;impact sur la saison est imm\u00e9diat : les commer\u00e7ants, restaurants, gites et autres lieux d&rsquo;activit\u00e9 estivale sont directement impact\u00e9s par la coupure tant par celle de la ligne de train que par celle de la route qui am\u00e8nent bon nombre de cyclistes et motards.<br \/>\n&nbsp;<br \/>\nA retenir donc : pas de train Intercit\u00e9 C\u00e9venol ni de TER dans les gorges de l&rsquo;Allier cette ann\u00e9e. Esp\u00e9rons qu&rsquo;il n&rsquo;y aura pas de travaux d&rsquo;automne n\u00e9cessitant une nouvelle coupure de la ligne.<br \/>\n&nbsp;<br \/>\n<img decoding=\"async\" src=\"IMG\/jpg\/usagers-transports-haut-allier-eu-tvs-monistrol-juillet-2015.jpg\" alt=\"usagers-transports-haut-allier-eu-tvs-monistrol-juillet-2015.jpg\" align=\"center\" \/><br \/>\n<em>Engins de travaux c\u00f4t\u00e9 Monistrol d&rsquo;Allier et c\u00f4t\u00e9 Alleyras ci-dessous<\/em><br \/>\n&nbsp;<br \/>\n<img decoding=\"async\" src=\"IMG\/jpg\/usagers-transports-haut-allier-eu-tvx-alleyras-juillet-2015.jpg\" alt=\"usagers-transports-haut-allier-eu-tvx-alleyras-juillet-2015.jpg\" align=\"center\" \/><\/p>\n","protected":false},"excerpt":{"rendered":"<p>[MAJ du 13 juillet] &nbsp; Des rumeurs font \u00e9tat d&rsquo;une impossibilit\u00e9 de r\u00e9ouverture avant la mi octobre 2015&#8230;<\/p>\n","protected":false},"author":1,"featured_media":0,"comment_status":"closed","ping_status":"open","sticky":false,"template":"","format":"standard","meta":{"footnotes":""},"categories":[3],"tags":[],"class_list":["post-228","post","type-post","status-publish","format-standard","hentry","category-en-train"],"_links":{"self":[{"href":"https:\/\/usagers-transports.haut-allier.eu\/index.php\/wp-json\/wp\/v2\/posts\/228","targetHints":{"allow":["GET"]}}],"collection":[{"href":"https:\/\/usagers-transports.haut-allier.eu\/index.php\/wp-json\/wp\/v2\/posts"}],"about":[{"href":"https:\/\/usagers-transports.haut-allier.eu\/index.php\/wp-json\/wp\/v2\/types\/post"}],"author":[{"embeddable":true,"href":"https:\/\/usagers-transports.haut-allier.eu\/index.php\/wp-json\/wp\/v2\/users\/1"}],"replies":[{"embeddable":true,"href":"https:\/\/usagers-transports.haut-allier.eu\/index.php\/wp-json\/wp\/v2\/comments?post=228"}],"version-history":[{"count":0,"href":"https:\/\/usagers-transports.haut-allier.eu\/index.php\/wp-json\/wp\/v2\/posts\/228\/revisions"}],"wp:attachment":[{"href":"https:\/\/usagers-transports.haut-allier.eu\/index.php\/wp-json\/wp\/v2\/media?parent=228"}],"wp:term":[{"taxonomy":"category","embeddable":true,"href":"https:\/\/usagers-transports.haut-allier.eu\/index.php\/wp-json\/wp\/v2\/categories?post=228"},{"taxonomy":"post_tag","embeddable":true,"href":"https:\/\/usagers-transports.haut-allier.eu\/index.php\/wp-json\/wp\/v2\/tags?post=228"}],"curies":[{"name":"wp","href":"https:\/\/api.w.org\/{rel}","templated":true}]}}