{"id":229,"date":"2015-07-07T17:29:44","date_gmt":"2015-07-07T15:29:44","guid":{"rendered":"http:\/\/5.45.101.177\/haut-allier\/usagers-transportse\/index.php\/2015\/07\/07\/trains-tet-cevenol-et-aubrac-les229\/"},"modified":"2015-07-07T17:29:44","modified_gmt":"2015-07-07T15:29:44","slug":"trains-tet-cevenol-et-aubrac-les229","status":"publish","type":"post","link":"https:\/\/usagers-transports.haut-allier.eu\/index.php\/2015\/07\/07\/trains-tet-cevenol-et-aubrac-les229\/","title":{"rendered":"Trains TET C\u00e9venol et Aubrac : les \u00ab\u00a0choix\u00a0\u00bb du gouvernement repouss\u00e9s une nouvelle fois"},"content":{"rendered":"<p>Alain Vidali\u00e8s le secr\u00e9taire d&rsquo;\u00e9tat aux transports du minist\u00e8re du d\u00e9veloppement durable devait rendre aujourd&rsquo;hui la \u00ab\u00a0feuille de route\u00a0\u00bb du gouvernement en ce qui concerne les trains d&rsquo;\u00e9quilibre des territoires TET apr\u00e8s la remise du rapport Duron fin mai.<br \/>\n&nbsp;<br \/>\nRepouss\u00e9e d\u00e9j\u00e0 plusieurs fois la date fatidique des choix du gouvernement vient encore d&rsquo;\u00eatre report\u00e9e \u00e0 une date non pr\u00e9cis\u00e9e :  \u00ab\u00a0apr\u00e8s les discussions entre l&rsquo;Etat et les r\u00e9gions\u00a0\u00bb, donc apr\u00e8s les r\u00e9gionales, en 2016.<br \/>\n&nbsp;<br \/>\nOn ne doute pas que la fronde des r\u00e9gions est intense contre les projets de fermeture des lignes. Si ce d\u00e9lai est mis \u00e0 profit pour que ces derni\u00e8res entament entre elles des r\u00e9flexions pour se passer d\u00e9finitivement de l&rsquo;\u00e9tat, voire de la SNCF ce sera assur\u00e9ment tout b\u00e9n\u00e9fice. Sauf qu&rsquo;elles n&rsquo;auront jamais les moyens de l&rsquo;entretien des infrastructures. Elles le savent.<br \/>\n&nbsp;<br \/>\nNous ne saurons donc rien aujourd&rsquo;hui sur l&rsquo;essentiel\u00a0:<br \/>\n&nbsp;<br \/>\n&#8211; le report sur route par bus des circulations de certains TET, B\u00e9ziers Clermont-Ferrand pour exemple, l&rsquo;abandon de ces lignes, les r\u00e9gions concern\u00e9es n&rsquo;ayant pas les moyens de p\u00e9renniser l&rsquo;infrastructure, ouvrages d&rsquo;art compris,<br \/>\n&#8211; le transfert aux r\u00e9gions de certains TET comme le C\u00e9venol, et le d\u00e9p\u00e9rissement de leurs lignes qui fermeront \u00e0 terme pour les m\u00eames raisons que ci-dessus,<br \/>\n&nbsp;<\/p>\n<p>Par contre pour faire passer la pilule, de force, aux r\u00e9gions, toutes tr\u00e8s oppos\u00e9es \u00e0 ce report, nous ne sommes pas du tout \u00e9tonn\u00e9s de voir qu&rsquo;un super pr\u00e9fet est nomm\u00e9 sous couvert d&rsquo;une &lsquo;mise en coh\u00e9rence des TET et TER&rsquo;.<br \/>\n&nbsp;<br \/>\nVoici l&rsquo;essentiel des annonces que nous connaissions d\u00e9j\u00e0, \u00e9mises sur Twitter cette apr\u00e8s-midi par le ministre soi-m\u00eame&#8230;<br \/>\n&nbsp;<br \/>\n<img decoding=\"async\" src=\"IMG\/jpg\/vidalies-feuille.jpg\" alt=\"vidalies-feuille.jpg\" align=\"center\" \/><br \/>\n&nbsp;<br \/>\nUne partie de rigolade dont souvent ce gouvernement dit socialiste nous offre l&rsquo;occasion. <\/p>\n","protected":false},"excerpt":{"rendered":"<p>Alain Vidali\u00e8s le secr\u00e9taire d&rsquo;\u00e9tat aux transports du minist\u00e8re du d\u00e9veloppement durable devait rendre aujourd&rsquo;hui la \u00ab\u00a0feuille de<\/p>\n","protected":false},"author":1,"featured_media":0,"comment_status":"closed","ping_status":"open","sticky":false,"template":"","format":"standard","meta":{"footnotes":""},"categories":[3],"tags":[],"class_list":["post-229","post","type-post","status-publish","format-standard","hentry","category-en-train"],"_links":{"self":[{"href":"https:\/\/usagers-transports.haut-allier.eu\/index.php\/wp-json\/wp\/v2\/posts\/229","targetHints":{"allow":["GET"]}}],"collection":[{"href":"https:\/\/usagers-transports.haut-allier.eu\/index.php\/wp-json\/wp\/v2\/posts"}],"about":[{"href":"https:\/\/usagers-transports.haut-allier.eu\/index.php\/wp-json\/wp\/v2\/types\/post"}],"author":[{"embeddable":true,"href":"https:\/\/usagers-transports.haut-allier.eu\/index.php\/wp-json\/wp\/v2\/users\/1"}],"replies":[{"embeddable":true,"href":"https:\/\/usagers-transports.haut-allier.eu\/index.php\/wp-json\/wp\/v2\/comments?post=229"}],"version-history":[{"count":0,"href":"https:\/\/usagers-transports.haut-allier.eu\/index.php\/wp-json\/wp\/v2\/posts\/229\/revisions"}],"wp:attachment":[{"href":"https:\/\/usagers-transports.haut-allier.eu\/index.php\/wp-json\/wp\/v2\/media?parent=229"}],"wp:term":[{"taxonomy":"category","embeddable":true,"href":"https:\/\/usagers-transports.haut-allier.eu\/index.php\/wp-json\/wp\/v2\/categories?post=229"},{"taxonomy":"post_tag","embeddable":true,"href":"https:\/\/usagers-transports.haut-allier.eu\/index.php\/wp-json\/wp\/v2\/tags?post=229"}],"curies":[{"name":"wp","href":"https:\/\/api.w.org\/{rel}","templated":true}]}}