{"id":23,"date":"2011-02-28T10:46:00","date_gmt":"2011-02-28T09:46:00","guid":{"rendered":"http:\/\/5.45.101.177\/haut-allier\/usagers-transportse\/index.php\/2011\/02\/28\/gare-ter-un-printemps-2011-de023\/"},"modified":"2011-02-28T10:46:00","modified_gmt":"2011-02-28T09:46:00","slug":"gare-ter-un-printemps-2011-de023","status":"publish","type":"post","link":"https:\/\/usagers-transports.haut-allier.eu\/index.php\/2011\/02\/28\/gare-ter-un-printemps-2011-de023\/","title":{"rendered":"Gare TER : un printemps 2011 de modifications et d&rsquo;annulations !"},"content":{"rendered":"<p>Le r\u00e9tablissement d&rsquo;un service de trains r\u00e9gulier et performant que nous souhaitons tous, sur lequel on peut compter, le seul \u00e0 permettre la reprise de nos bonnes habitudes, n&rsquo;\u00e9tait-il qu&rsquo;un r\u00eave ?<\/p>\n<p>Voil\u00e0 qu&rsquo;une nouvelle <a href=\"http:\/\/alleyras.capitale.dulibre.net\/IMG\/jpg\/clermont-nimes_horaires-modif_printemps-2011.jpg\">affiche horaires<\/a> &lsquo;Infos Trafic\u00a0\u00bb nous annonce 7 semaines de travaux, pas moins, et, sans proposer de solutions pour Alleyras, que <strong>le train du soir N\u00eemes Clermont est supprim\u00e9 du 18 au 29 Avril<\/strong>. Carr\u00e9ment. Sans contrepartie, d\u00e9m&#8230;. brouillez vous ! <\/p>\n<p>Les horaires des autres trains sont maintenus sauf pour les arriv\u00e9es qui sont retard\u00e9es d&rsquo;une trentaine de minutes, ce qui ne facilite pas les correspondances.<\/p>\n<p>Merci \u00e0 l&rsquo;<a href=\"http:\/\/cevenol-ligne-paris-nimes.over-blog.com\/\">association des \u00e9lus pour la d\u00e9fense du C\u00e9venol<\/a> pour l&rsquo;information.<\/p>\n","protected":false},"excerpt":{"rendered":"<p>Le r\u00e9tablissement d&rsquo;un service de trains r\u00e9gulier et performant que nous souhaitons tous, sur lequel on peut compter,<\/p>\n","protected":false},"author":1,"featured_media":0,"comment_status":"closed","ping_status":"open","sticky":false,"template":"","format":"standard","meta":{"footnotes":""},"categories":[2],"tags":[],"class_list":["post-23","post","type-post","status-publish","format-standard","hentry","category-infos"],"_links":{"self":[{"href":"https:\/\/usagers-transports.haut-allier.eu\/index.php\/wp-json\/wp\/v2\/posts\/23","targetHints":{"allow":["GET"]}}],"collection":[{"href":"https:\/\/usagers-transports.haut-allier.eu\/index.php\/wp-json\/wp\/v2\/posts"}],"about":[{"href":"https:\/\/usagers-transports.haut-allier.eu\/index.php\/wp-json\/wp\/v2\/types\/post"}],"author":[{"embeddable":true,"href":"https:\/\/usagers-transports.haut-allier.eu\/index.php\/wp-json\/wp\/v2\/users\/1"}],"replies":[{"embeddable":true,"href":"https:\/\/usagers-transports.haut-allier.eu\/index.php\/wp-json\/wp\/v2\/comments?post=23"}],"version-history":[{"count":0,"href":"https:\/\/usagers-transports.haut-allier.eu\/index.php\/wp-json\/wp\/v2\/posts\/23\/revisions"}],"wp:attachment":[{"href":"https:\/\/usagers-transports.haut-allier.eu\/index.php\/wp-json\/wp\/v2\/media?parent=23"}],"wp:term":[{"taxonomy":"category","embeddable":true,"href":"https:\/\/usagers-transports.haut-allier.eu\/index.php\/wp-json\/wp\/v2\/categories?post=23"},{"taxonomy":"post_tag","embeddable":true,"href":"https:\/\/usagers-transports.haut-allier.eu\/index.php\/wp-json\/wp\/v2\/tags?post=23"}],"curies":[{"name":"wp","href":"https:\/\/api.w.org\/{rel}","templated":true}]}}