{"id":230,"date":"2015-07-08T07:28:17","date_gmt":"2015-07-08T05:28:17","guid":{"rendered":"http:\/\/5.45.101.177\/haut-allier\/usagers-transportse\/index.php\/2015\/07\/08\/non-decision-du-gouvernement-sur230\/"},"modified":"2015-07-08T07:28:17","modified_gmt":"2015-07-08T05:28:17","slug":"non-decision-du-gouvernement-sur230","status":"publish","type":"post","link":"https:\/\/usagers-transports.haut-allier.eu\/index.php\/2015\/07\/08\/non-decision-du-gouvernement-sur230\/","title":{"rendered":"Non d\u00e9cision du gouvernement sur les TET Intercit\u00e9s : les Usagers ind\u00e9pendants r\u00e9agissent"},"content":{"rendered":"<p>Apr\u00e8s le <a href=\"http:\/\/usagers-transports.haut-allier.eu\/?trains-tet-cevenol-et-aubrac-les,229\">bottage en touche<\/a> hier du gouvernement concernant les d\u00e9cisions (pr\u00e9vues dans le rapport Duron) sur la suppression de certaines lignes de trains Intercit\u00e9s, d&rsquo;\u00e9quilibre du territoire, 5 groupes d&rsquo;usagers ind\u00e9pendants, donc non affili\u00e9s \u00e0 la FNAUT, f\u00e9d\u00e9ration fantoche d&rsquo;usagers qui si\u00e8ge \u00e0 la SNCF, r\u00e9agissent et viennent d&rsquo;\u00e9mettre un communiqu\u00e9 :<br \/>\n&nbsp;<br \/>\n<a href=\"IMG\/pdf\/Communique-de-presse-des-Collectifs-et-Associations-d-Usagers-des-Transports-Independants-8juillet2015-v4.pdf\">Communique-de-presse-des-Collectifs-et-Associations-d-Usagers-des-Transports-Independants-8juillet2015-v4.pdf<\/a><br \/>\n&nbsp;<br \/>\n<strong>Les signataires sont : <\/strong><br \/>\n&#8211; Collectif des Usagers des Transports du Haut-Allier<br \/>\n&#8211; Association des Usagers de la SNCF du Gard et des d\u00e9partements limitrophes<br \/>\n&#8211; Collectif SNCFvamtuer<br \/>\n&#8211; Comit\u00e9 de d\u00e9fense des services publics des Hautes C\u00e9vennes<br \/>\n&#8211; Collectif citoyen de d\u00e9fense de la gare de Villefort<br \/>\n&nbsp;<\/p>\n<p><strong>Dans la presse<\/strong><br \/>\n&nbsp;<br \/>\n&#8211; Zoom d&rsquo;ici 43 du 8 juillet : <a href=\"http:\/\/www.zoomdici.fr\/actualite\/Train-la-ligne-Cevenol-toujours-dans-l-expectative-id145302.html#\">Train \/ La ligne C\u00e9venol toujours dans l&rsquo;expectative <\/a><br \/>\n<a href=\"IMG\/pdf\/zoom-article-suite-communique-juillet-collectifs.pdf\">zoom-article-suite-communique-juillet-collectifs.pdf<\/a><br \/>\n&nbsp;<br \/>\n&#8211; La Montagne du 9 juillet : <a href=\"http:\/\/www.lamontagne.fr\/auvergne\/actualite\/departement\/puy-de-dome\/clermont-ferrand\/2015\/07\/09\/rapport-duron-les-usagers-des-transports-s-indignent_11515536.html\">Rapport Duron : les usagers des transports s&rsquo;indignent<\/a><br \/>\n&nbsp;<br \/>\n&#8211; Midi Libre du 9 juillet :<br \/>\n&nbsp;<br \/>\n<a href=\"IMG\/pdf\/DOC090715-09072015134912.pdf\">DOC090715-09072015134912.pdf<\/a><br \/>\n&nbsp;<\/p>\n","protected":false},"excerpt":{"rendered":"<p>Apr\u00e8s le bottage en touche hier du gouvernement concernant les d\u00e9cisions (pr\u00e9vues dans le rapport Duron) sur la<\/p>\n","protected":false},"author":1,"featured_media":0,"comment_status":"closed","ping_status":"open","sticky":false,"template":"","format":"standard","meta":{"footnotes":""},"categories":[3],"tags":[],"class_list":["post-230","post","type-post","status-publish","format-standard","hentry","category-en-train"],"_links":{"self":[{"href":"https:\/\/usagers-transports.haut-allier.eu\/index.php\/wp-json\/wp\/v2\/posts\/230","targetHints":{"allow":["GET"]}}],"collection":[{"href":"https:\/\/usagers-transports.haut-allier.eu\/index.php\/wp-json\/wp\/v2\/posts"}],"about":[{"href":"https:\/\/usagers-transports.haut-allier.eu\/index.php\/wp-json\/wp\/v2\/types\/post"}],"author":[{"embeddable":true,"href":"https:\/\/usagers-transports.haut-allier.eu\/index.php\/wp-json\/wp\/v2\/users\/1"}],"replies":[{"embeddable":true,"href":"https:\/\/usagers-transports.haut-allier.eu\/index.php\/wp-json\/wp\/v2\/comments?post=230"}],"version-history":[{"count":0,"href":"https:\/\/usagers-transports.haut-allier.eu\/index.php\/wp-json\/wp\/v2\/posts\/230\/revisions"}],"wp:attachment":[{"href":"https:\/\/usagers-transports.haut-allier.eu\/index.php\/wp-json\/wp\/v2\/media?parent=230"}],"wp:term":[{"taxonomy":"category","embeddable":true,"href":"https:\/\/usagers-transports.haut-allier.eu\/index.php\/wp-json\/wp\/v2\/categories?post=230"},{"taxonomy":"post_tag","embeddable":true,"href":"https:\/\/usagers-transports.haut-allier.eu\/index.php\/wp-json\/wp\/v2\/tags?post=230"}],"curies":[{"name":"wp","href":"https:\/\/api.w.org\/{rel}","templated":true}]}}