{"id":231,"date":"2015-08-10T13:26:00","date_gmt":"2015-08-10T11:26:00","guid":{"rendered":"http:\/\/5.45.101.177\/haut-allier\/usagers-transportse\/index.php\/2015\/08\/10\/avenir-de-la-ligne-du-train231\/"},"modified":"2015-08-10T13:26:00","modified_gmt":"2015-08-10T11:26:00","slug":"avenir-de-la-ligne-du-train231","status":"publish","type":"post","link":"https:\/\/usagers-transports.haut-allier.eu\/index.php\/2015\/08\/10\/avenir-de-la-ligne-du-train231\/","title":{"rendered":"Avenir de la ligne du train C\u00e9venol : P\u00e9py tente de rassurer le d\u00e9put\u00e9 de Loz\u00e8re [MAJ : le gouvernement aussi]"},"content":{"rendered":"<p><strong>[Article du 17 juillet]<\/strong><br \/>\n&nbsp;<br \/>\nAyant relay\u00e9 les souhaits du collectif des usagers de Villefort Pierre Morel A L&rsquo;Huissier vient de nous faire parvenir ce jour la r\u00e9ponse qu&rsquo;il a re\u00e7ue du pr\u00e9sident de la SNCF concernant d&rsquo;une part la fermeture du guichet de la gare de Villefort mais aussi de l&rsquo;avenir de la ligne des C\u00e9vennes.<br \/>\n&nbsp;<br \/>\n<strong>P\u00e9py, vous le lirez, se contente de relever que l&rsquo;avenir de la ligne des C\u00e9vennes \u00ab\u00a0semble \u00eatre une pr\u00e9occupation forte des signataires\u00a0\u00bb. Comprendre des r\u00e9gions Languedoc Roussillon et Auvergne et un peu de l&rsquo;\u00e9tat. Encore une fois il refile la patate chaude aux collectivit\u00e9s r\u00e9gionales d\u00e9montrant ainsi qu&rsquo;il n&rsquo;a aucun projet pour cette ligne et se forcera \u00e0 faire ce qu&rsquo;on lui demande. <\/strong><br \/>\n&nbsp;<br \/>\nAlors que le premier ministre Valls osait d\u00e9clarer il y a deux jours que sa pr\u00e9occupation premi\u00e8re \u00e9tait <a href=\"http:\/\/bfmbusiness.bfmtv.com\/entreprise\/valls-donne-la-priorite-aux-trains-du-quotidien-901817.html\">d&rsquo;am\u00e9liorer les trains du quotidien<\/a>, nous (re)demandons une nouvelle fois la d\u00e9mission du PDG de la SNCF.<br \/>\n&nbsp;<br \/>\nVoici la lettre de Guillaume P\u00e9py au d\u00e9put\u00e9 de Loz\u00e8re :<br \/>\n&nbsp;<br \/>\n<img decoding=\"async\" src=\"IMG\/jpg\/usagers-haut-allier-eu-pepy-a-pierre-morel-a.jpg\" alt=\"usagers-haut-allier-eu-pepy-a-pierre-morel-a.jpg\" align=\"center\" \/><br \/>\n&nbsp;<br \/>\n<img decoding=\"async\" src=\"IMG\/jpg\/usagers-haut-allier-eu-pepy-a-pierre-morel-b.jpg\" alt=\"usagers-haut-allier-eu-pepy-a-pierre-morel-b.jpg\" align=\"center\" \/><br \/>\n&nbsp;<\/p>\n<p><strong>[MAJ du 10 ao\u00fbt 2015]<\/strong><br \/>\n&nbsp;<\/p>\n<p>Pierre Morel A L&rsquo;Huissier nous envoie la r\u00e9ponse re\u00e7ue du minist\u00e8re des transports et du d\u00e9veloppement durable le 7 juillet dernier \u00e0 sa question \u00e9crite du 20 janvier de cette ann\u00e9e, concernant l&rsquo;avenir du ferroviaire en France. Elle est int\u00e9ressante et fait un bon r\u00e9sum\u00e9 du point de vue du gouvernement sur la probl\u00e9matique des trains Intercit\u00e9s.<br \/>\n&nbsp;<br \/>\n<a href=\"IMG\/pdf\/Reponse_QE_no72846_Min_Transports_2015-07-07.pdf\">Reponse_QE_no72846_Min_Transports_2015-07-07.pdf<\/a><br \/>\n&nbsp;<\/p>\n","protected":false},"excerpt":{"rendered":"<p>[Article du 17 juillet] &nbsp; Ayant relay\u00e9 les souhaits du collectif des usagers de Villefort Pierre Morel A<\/p>\n","protected":false},"author":1,"featured_media":0,"comment_status":"closed","ping_status":"open","sticky":false,"template":"","format":"standard","meta":{"footnotes":""},"categories":[3],"tags":[],"class_list":["post-231","post","type-post","status-publish","format-standard","hentry","category-en-train"],"_links":{"self":[{"href":"https:\/\/usagers-transports.haut-allier.eu\/index.php\/wp-json\/wp\/v2\/posts\/231","targetHints":{"allow":["GET"]}}],"collection":[{"href":"https:\/\/usagers-transports.haut-allier.eu\/index.php\/wp-json\/wp\/v2\/posts"}],"about":[{"href":"https:\/\/usagers-transports.haut-allier.eu\/index.php\/wp-json\/wp\/v2\/types\/post"}],"author":[{"embeddable":true,"href":"https:\/\/usagers-transports.haut-allier.eu\/index.php\/wp-json\/wp\/v2\/users\/1"}],"replies":[{"embeddable":true,"href":"https:\/\/usagers-transports.haut-allier.eu\/index.php\/wp-json\/wp\/v2\/comments?post=231"}],"version-history":[{"count":0,"href":"https:\/\/usagers-transports.haut-allier.eu\/index.php\/wp-json\/wp\/v2\/posts\/231\/revisions"}],"wp:attachment":[{"href":"https:\/\/usagers-transports.haut-allier.eu\/index.php\/wp-json\/wp\/v2\/media?parent=231"}],"wp:term":[{"taxonomy":"category","embeddable":true,"href":"https:\/\/usagers-transports.haut-allier.eu\/index.php\/wp-json\/wp\/v2\/categories?post=231"},{"taxonomy":"post_tag","embeddable":true,"href":"https:\/\/usagers-transports.haut-allier.eu\/index.php\/wp-json\/wp\/v2\/tags?post=231"}],"curies":[{"name":"wp","href":"https:\/\/api.w.org\/{rel}","templated":true}]}}