{"id":233,"date":"2015-07-21T16:33:13","date_gmt":"2015-07-21T14:33:13","guid":{"rendered":"http:\/\/5.45.101.177\/haut-allier\/usagers-transportse\/index.php\/2015\/07\/21\/ligne-du-train-cevenol233\/"},"modified":"2015-07-21T16:33:13","modified_gmt":"2015-07-21T14:33:13","slug":"ligne-du-train-cevenol233","status":"publish","type":"post","link":"https:\/\/usagers-transports.haut-allier.eu\/index.php\/2015\/07\/21\/ligne-du-train-cevenol233\/","title":{"rendered":"Ligne du train C\u00e9venol : manifestations du 5 ao\u00fbt \u00e0 Alleyras [MAJ], du 4 \u00e0 G\u00e9nolhac [MAJ]"},"content":{"rendered":"<p><strong>Happening de protestation le 5 aout \u00e0 18h30 gare d\u2019Alleyras<\/strong><br \/>\n&nbsp;<br \/>\nC\u2019est en effet depuis fin mars que la ligne ferroviaire est coup\u00e9e et non r\u00e9tablie, de m\u00eame que la RD40.<br \/>\n&nbsp;<br \/>\nAlors que les palabres entre le conseil d\u00e9partemental, le propri\u00e9taire du terrain \u00e9boul\u00e9 WWF et la SNCF continuent mais tranquillement hein, nous ne sommes que des bouseux, nous n\u2019int\u00e9ressons personne dans la grande capitale, le Puy en Velay, si\u00e8ge du CD, ni \u00e0 Bains si\u00e8ge du conseiller d\u00e9partemental titulaire en chef. Ya pas urgence\u2026 ya les vacances. Les rumeurs indiquent m\u00eame une r\u00e9ouverture \u00e0 la Toussaint. Si tout va bien.<br \/>\n&nbsp;<br \/>\nSauf que les trains n\u2019arrivent ni de partent plus, que la saison touristique est foutue, que les motards et cyclistes amoureux des balades le long de l\u2019Allier ne viennent plus etc.<br \/>\n&nbsp;<br \/>\nPour exprimer, g\u00e9n\u00e9reusement et \u00e0 l&rsquo;unisson, notre d\u00e9saccord \u00e0 ce qu\u2019il se passe chez nos \u00e9diles qui ne font pas leur boulot, il est donc propos\u00e9 de se retrouver :<br \/>\n&nbsp;<br \/>\n<strong>Mercredi 5 Ao\u00fbt \u00e0 18h30 Gare d\u2019Alleyras<\/strong><br \/>\n&nbsp;<br \/>\n<strong>Pour attendre, pendant une heure, le train de 18h47, habill\u00e9s du dimanche, ou plus simplement comme si nous allions faire un voyage important et lointain, avec nos plus grosses valises, nos animaux de compagnie, les poussettes, les landaus, les paquets etc.<\/strong><br \/>\n&nbsp;<br \/>\nLes journalistes sont convi\u00e9s.<br \/>\n&nbsp;<br \/>\nChacun am\u00e8nera un petit rafra\u00eechissement ensuite que l\u2019on partagera.<br \/>\n&nbsp;<br \/>\n<img decoding=\"async\" src=\"IMG\/jpg\/happening-gare-5-aout-2015-w-m.jpg\" alt=\"happening-gare-5-aout-2015-w-m.jpg\" align=\"center\" \/><br \/>\n&nbsp;<\/p>\n<p><strong>Dans la presse :<\/strong><br \/>\n&nbsp;<br \/>\n&#8211; L&rsquo;Eveil du 25 juillet relaie notre appel \u00e0 protester et nous apprend que le <a href=\"http:\/\/www.leveil.fr\/actualite\/Eboulement-sur-la-RD-40-a-Alleyras-WWF-le-proprietaire-des-terrains-saisi-107126\">d\u00e9partement de Haute-Loire enjoint WWF \u00e0 d\u00e9buter les travaux<\/a>, tel que l\u2019organisation internationale s\u2019y \u00e9tait engag\u00e9.<br \/>\n&nbsp;<br \/>\n<a href=\"IMG\/pdf\/article-eveil-happening-uillet-2015.pdf\">article-eveil-happening-uillet-2015.pdf<\/a><br \/>\n&nbsp;<br \/>\n&#8211; Zoom d&rsquo;ici Haute-Loire du 22 juillet relie notre appel : Eboulements \/ <a href=\"http:\/\/www.zoomdici.fr\/actualite\/Eboulements-un-happening-de-protestation-a-Alleyras-id145556.html#\">un happening de protestation \u00e0 Alleyras <\/a><br \/>\n&nbsp;<br \/>\n&#8211; La Montagne du 27 juillet : <a href=\"http:\/\/www.lamontagne.fr\/auvergne\/actualite\/2015\/07\/27\/eboulements-sur-la-rd-40-en-haute-loire-la-route-coupee-depuis-quatre-mois_11532571.html\">\u00c9boulements sur la RD 40 en Haute-Loire, la route coup\u00e9e depuis quatre mois.<\/a><br \/>\n&nbsp;<br \/>\n<a href=\"IMG\/pdf\/article-montagne-happening-uillet-2015.pdf\">article-montagne-happening-uillet-2015.pdf<\/a><br \/>\n&nbsp;<\/p>\n<p>&#8211;  Le Progr\u00e8s du 29 juillet : Eboulement de roche &#8211; le D\u00e9partement et le WWF se renvoient la balle<br \/>\n&nbsp;<\/p>\n<p><a href=\"IMG\/pdf\/PDF-Page_1-edition-de-la-haute-loire_20150729.pdf\">PDF-Page_1-edition-de-la-haute-loire_20150729.pdf<\/a><br \/>\n&nbsp;<br \/>\n<img decoding=\"async\" src=\"IMG\/jpg\/usagers-transports-haut-allier-eu-article-progres-29juillet2015-2.jpg\" alt=\"usagers-transports-haut-allier-eu-article-progres-29juillet2015-2.jpg\" align=\"center\" \/><br \/>\n&nbsp;<br \/>\n&#8211;  L&rsquo;Eveil du 30 juillet : WWF r\u00e9pond au d\u00e9partement concernant la RD40 \u00e0 Alleyras<br \/>\n&nbsp;<br \/>\n<img decoding=\"async\" src=\"IMG\/jpg\/LEVEIL-20150630.jpg\" alt=\"LEVEIL-20150630.jpg\" align=\"center\" \/><br \/>\n&nbsp;<br \/>\n&#8211; Midi Libre du 27 juillet : N\u00eemes Clermont reste interrompue.<br \/>\n&nbsp;<br \/>\n<img decoding=\"async\" src=\"IMG\/jpg\/usagers-transports-haut-allier-eu-midilibre-happening.jpg\" alt=\"usagers-transports-haut-allier-eu-midilibre-happening.jpg\" align=\"center\" \/><br \/>\n&nbsp;<br \/>\n&#8211; Mon43 du 3 ao\u00fbt : <a href=\"http:\/\/www.mon43.fr\/actualite-76273-Eboulement-a-alleyrasle-departement-seul-responsable-son-inaction-pour-wwf.html\">\u00c9boulement \u00e0 Alleyras \u00ab Le D\u00e9partement seul responsable de son inaction \u00bb, pour WWF<\/a><br \/>\n&nbsp;<br \/>\n&#8211; France Bleu Pays d\u2019Auvergne journal de 7 heures du 5 ao\u00fbt :<br \/>\n&nbsp;<br \/>\n<a href=\"IMG\/mp3\/usagers-haut-allier-eu-france-bleu-pays-auvergne-05aout2015-07h00.mp3\">usagers-haut-allier-eu-france-bleu-pays-auvergne-05aout2015-07h00.mp3<\/a><br \/>\n&nbsp;<br \/>\n&#8211; France Bleu Pays d\u2019Auvergne journal de 8 heures du 5 ao\u00fbt :<br \/>\n&nbsp;<br \/>\n<a href=\"IMG\/mp3\/usagers-haut-allier-eu-france-bleu-pays-auvergne-05aout2015-08h00.mp3\">usagers-haut-allier-eu-france-bleu-pays-auvergne-05aout2015-08h00.mp3<\/a><br \/>\n&nbsp;<br \/>\n&#8211; Radio Totem journal de 8 heures du 5 ao\u00fbt :<br \/>\n&nbsp;<br \/>\n<a href=\"IMG\/mp3\/usagers-haut-allier-eu-totem-05aout2015-08h00.mp3\">usagers-haut-allier-eu-totem-05aout2015-08h00.mp3<\/a><br \/>\n&nbsp;<br \/>\n&nbsp;<\/p>\n<p><strong>WWF France interpell\u00e9e<\/strong><br \/>\n&nbsp;<br \/>\nPress\u00e9e \u00e0 agir par un huissier diligent\u00e9 par le d\u00e9partement de Haute-Loire, Isabelle Autissier, pr\u00e9sidente de WWF France est aussi la destinatrice d\u2019une lettre d\u00e9non\u00e7ant son inaction devant l\u2019\u00e9boulement d\u2019Alleyras, situ\u00e9 sur son terrain, par l\u2019Association des usagers SNCF du Gard et des d\u00e9partements limitrophes. L\u2019association souhaite que WWF prenne \u00e0 bras le corps la probl\u00e9matique et agisse au plus vite. Voici son courrier :<br \/>\n&nbsp;<br \/>\n<a href=\"IMG\/pdf\/2015_07_21_Eboulement_Alleyras_WWF.pdf\">2015_07_21_Eboulement_Alleyras_WWF.pdf<\/a><br \/>\n&nbsp;<\/p>\n<p><strong>F\u00eate citoyenne du mardi 4 ao\u00fbt \u00e0 G\u00e9nolhac<\/strong><br \/>\n&nbsp;<br \/>\nF\u00eate du guichet et de l&rsquo;\u00e9galit\u00e9 :<br \/>\n&nbsp;<br \/>\nDe 10h \u00e0 24h Gare de G\u00e9nolhac avec atelier peinture enfants, r\u00e9alisation d&rsquo;une fresque, exposition de peinture, vin d&rsquo;honneur, danses traditionnelles, repas, th\u00e9\u00e2tre, musique et discussions. Organis\u00e9 par le Comit\u00e9 de d\u00e9fense des services publics en Haute C\u00e9vennes.<br \/>\n&nbsp;<br \/>\n<img decoding=\"async\" src=\"IMG\/jpg\/Affichefeteduguichet.jpg\" alt=\"Affichefeteduguichet.jpg\" align=\"center\" \/><br \/>\n&nbsp;<\/p>\n<p><strong>La presse :<\/strong><br \/>\n&nbsp;<br \/>\n&#8211; La Marseillaise du 30 juillet : La f\u00eate des guichets sera aussi celle des services publics<br \/>\n&nbsp;<br \/>\n<a href=\"IMG\/pdf\/La_fete_du_guichet_sera_aussi_celle_des_services_publics_La_Marseillaise_.pdf\">La_fete_du_guichet_sera_aussi_celle_des_services_publics_La_Marseillaise_.pdf<\/a><\/p>\n","protected":false},"excerpt":{"rendered":"<p>Happening de protestation le 5 aout \u00e0 18h30 gare d\u2019Alleyras &nbsp; C\u2019est en effet depuis fin mars que<\/p>\n","protected":false},"author":1,"featured_media":0,"comment_status":"closed","ping_status":"open","sticky":false,"template":"","format":"standard","meta":{"footnotes":""},"categories":[3],"tags":[],"class_list":["post-233","post","type-post","status-publish","format-standard","hentry","category-en-train"],"_links":{"self":[{"href":"https:\/\/usagers-transports.haut-allier.eu\/index.php\/wp-json\/wp\/v2\/posts\/233","targetHints":{"allow":["GET"]}}],"collection":[{"href":"https:\/\/usagers-transports.haut-allier.eu\/index.php\/wp-json\/wp\/v2\/posts"}],"about":[{"href":"https:\/\/usagers-transports.haut-allier.eu\/index.php\/wp-json\/wp\/v2\/types\/post"}],"author":[{"embeddable":true,"href":"https:\/\/usagers-transports.haut-allier.eu\/index.php\/wp-json\/wp\/v2\/users\/1"}],"replies":[{"embeddable":true,"href":"https:\/\/usagers-transports.haut-allier.eu\/index.php\/wp-json\/wp\/v2\/comments?post=233"}],"version-history":[{"count":0,"href":"https:\/\/usagers-transports.haut-allier.eu\/index.php\/wp-json\/wp\/v2\/posts\/233\/revisions"}],"wp:attachment":[{"href":"https:\/\/usagers-transports.haut-allier.eu\/index.php\/wp-json\/wp\/v2\/media?parent=233"}],"wp:term":[{"taxonomy":"category","embeddable":true,"href":"https:\/\/usagers-transports.haut-allier.eu\/index.php\/wp-json\/wp\/v2\/categories?post=233"},{"taxonomy":"post_tag","embeddable":true,"href":"https:\/\/usagers-transports.haut-allier.eu\/index.php\/wp-json\/wp\/v2\/tags?post=233"}],"curies":[{"name":"wp","href":"https:\/\/api.w.org\/{rel}","templated":true}]}}