{"id":234,"date":"2015-08-07T14:54:59","date_gmt":"2015-08-07T12:54:59","guid":{"rendered":"http:\/\/5.45.101.177\/haut-allier\/usagers-transportse\/index.php\/2015\/08\/07\/ligne-du-cevenol-rd40-le-happening234\/"},"modified":"2015-08-07T14:54:59","modified_gmt":"2015-08-07T12:54:59","slug":"ligne-du-cevenol-rd40-le-happening234","status":"publish","type":"post","link":"https:\/\/usagers-transports.haut-allier.eu\/index.php\/2015\/08\/07\/ligne-du-cevenol-rd40-le-happening234\/","title":{"rendered":"Ligne du C\u00e9venol + RD40: le happening du 5 ao\u00fbt \u00e0 Alleyras le retour dans les m\u00e9dias"},"content":{"rendered":"<p>Un petit r\u00e9sum\u00e9 du happening se trouve avec une vid\u00e9o originale sur le site d&rsquo;<a href=\"http:\/\/alleyras-capitale.info\/spip.php?article318\">Alleyras Capitale<\/a>. Avec aussi l&rsquo;audio des fausses annonces diffus\u00e9es lors de l&rsquo;\u00e9v\u00e8nement.<br \/>\n&nbsp;<br \/>\n&nbsp;<\/p>\n<p><strong>Le retour des m\u00e9dias :<\/strong><br \/>\n&nbsp;<\/p>\n<p>&#8211; France 3 Auvergne journal de 12h du 5 ao\u00fbt (fichier 1,9 Mo) :<\/p>\n<p><a href=\"IMG\/avi\/usagers-haut-allier-eu-france3-auvergne-05aout2015-12h00.avi\">usagers-haut-allier-eu-france3-auvergne-05aout2015-12h00.avi<\/a><\/p>\n<p>Directement depuis le stream officiel :<br \/>\n&nbsp;<br \/>\n<a href=\"http:\/\/france3-regions.francetvinfo.fr\/auvergne\/emissions\/jt-1213-auvergne\" target=\"_blank\">12\/13 Auvergne<\/a><br \/>\n&nbsp;<\/p>\n<p>&#8211; France 3 Auvergne journal de 19h du 5 ao\u00fbt (direct) (fichier 29 Mo) :<\/p>\n<p><a href=\"IMG\/avi\/usagers-haut-allier-eu-france3-auvergne-05aout2015-19h00.avi\">usagers-haut-allier-eu-france3-auvergne-05aout2015-19h00.avi<\/a><\/p>\n<p>Directement depuis le stream officiel :<br \/>\n&nbsp;<br \/>\n<a href=\"http:\/\/france3-regions.francetvinfo.fr\/auvergne\/emissions\/jt-1920-auvergne\" target=\"_blank\">19\/20 Auvergne<\/a><br \/>\n&nbsp;<\/p>\n<p>&#8211; France 3 Auvergne journal de 12h du 6 ao\u00fbt (fichier 6 Mo) :<\/p>\n<p><a href=\"IMG\/avi\/usagers-haut-allier-eu-france3-auvergne-06aout2015-12h00.avi\">usagers-haut-allier-eu-france3-auvergne-06aout2015-12h00.avi<\/a><\/p>\n<p>Directement depuis le stream officiel :<br \/>\n&nbsp;<br \/>\n<a href=\"http:\/\/france3-regions.francetvinfo.fr\/auvergne\/emissions\/jt-1213-auvergne\" target=\"_blank\">12\/13 Auvergne<\/a><br \/>\n&nbsp;<\/p>\n<p>&#8211; France T\u00e9l\u00e9visions du 5 ao\u00fbt (web) :<\/p>\n<p><a href=\"http:\/\/france3-regions.francetvinfo.fr\/auvergne\/alleyras-43-cinq-mois-apres-le-premier-eboulement-la-route-et-la-ligne-ferroviaire-toujours-fermees-782249.html\">Alleyras (43) : Cinq mois apr\u00e8s les \u00e9boulements, la route et la ligne ferroviaire sont toujours ferm\u00e9es<\/a><br \/>\n&nbsp;<\/p>\n<p>&#8211; Zoom d&rsquo;ici 43 le 6 ao\u00fbt<\/p>\n<p><a href=\"http:\/\/www.zoomdici.fr\/actualite\/Alleyras-si-ca-continue-les-habitants-deblayeront-eux-memes--id145753.html#\">Alleyras : \u00a0\u00bb Si \u00e7a continue, les habitants d\u00e9blayeront eux-m\u00eames \u00a0\u00bb <\/a><br \/>\n&nbsp;<\/p>\n<p>&#8211; Mon43 le Renouveau le 6 ao\u00fbt<\/p>\n<p><a href=\"http:\/\/www.mon43.fr\/actualite-76711-Eboulement-a-alleyras-pour-les-usagersdepartement-assume-pas-son-role-.html\">Pour les usagers le d\u00e9partement n&rsquo;assume pas son r\u00f4le<br \/>\n<\/a><br \/>\n&nbsp;<\/p>\n<p>&#8211; La Montagne du 6 ao\u00fbt : en une<br \/>\n&nbsp;<br \/>\n<img decoding=\"async\" src=\"IMG\/jpg\/usagers-transports-haut-allier-eu-lamontagne-region_20150806-z.jpg\" alt=\"usagers-transports-haut-allier-eu-lamontagne-region_20150806-z.jpg\" align=\"center\" \/><br \/>\n&nbsp;<\/p>\n<p>&#8211; La Montagne du 6 ao\u00fbt : int\u00e9rieur<br \/>\n&nbsp;<br \/>\n<img decoding=\"async\" src=\"IMG\/jpg\/usagers-transports-haut-allier-eu-lamontagne-region_20150806-page-z.jpg\" alt=\"usagers-transports-haut-allier-eu-lamontagne-region_20150806-page-z.jpg\" align=\"center\" \/><br \/>\n&nbsp;<\/p>\n<p>&#8211; La Montagne du 6 ao\u00fbt : web<\/p>\n<p><a href=\"http:\/\/www.lamontagne.fr\/auvergne\/actualite\/2015\/08\/06\/haute-loire-vent-de-protestation-en-gare-dalleyras_11543029.html\">Haute-Loire : vent de protestation en gare d\u2019Alleyras<br \/>\n<\/a><br \/>\n&nbsp;<\/p>\n<p>&#8211; Le Progr\u00e8s la Tribune du 6 ao\u00fbt : en une<br \/>\n&nbsp;<br \/>\n<img decoding=\"async\" src=\"IMG\/jpg\/usagers-transports-haut-allier-eu-progres-haute-loire_20150806-z.jpg\" alt=\"usagers-transports-haut-allier-eu-progres-haute-loire_20150806-z.jpg\" align=\"center\" \/><br \/>\n&nbsp;<\/p>\n<p>&#8211; Le Progr\u00e8s la Tribune du 6 ao\u00fbt : int\u00e9rieur<br \/>\n&nbsp;<br \/>\n<img decoding=\"async\" src=\"IMG\/jpg\/usagers-transports-haut-allier-eu-progres-haute-loire_20150806-page-z.jpg\" alt=\"usagers-transports-haut-allier-eu-progres-haute-loire_20150806-page-z.jpg\" align=\"center\" \/><br \/>\n&nbsp;<\/p>\n<p>&#8211; Le Progr\u00e8s la Tribune du 6 ao\u00fbt : web (diaporama)<\/p>\n<p><a href=\"http:\/\/www.leprogres.fr\/haute-loire\/2015\/08\/06\/alleyras-un-village-coupe-du-monde\">HAUTE-LOIRE. Alleyras, un village coup\u00e9 du monde<\/a><br \/>\n&nbsp;<\/p>\n<p>&#8211; L&rsquo;Eveil du 7 ao\u00fbt : en une<br \/>\n&nbsp;<br \/>\n<img decoding=\"async\" src=\"IMG\/jpg\/usagers-transports-haut-allier-eu-eveil_20150806-z.jpg\" alt=\"usagers-transports-haut-allier-eu-eveil_20150806-z.jpg\" align=\"center\" \/><br \/>\n&nbsp;<\/p>\n<p>&#8211; L&rsquo;Eveil du 7 ao\u00fbt : int\u00e9rieur<br \/>\n&nbsp;<br \/>\n<img decoding=\"async\" src=\"IMG\/jpg\/usagers-transports-haut-allier-eu-eveil_20150806-page-z.jpg\" alt=\"usagers-transports-haut-allier-eu-eveil_20150806-page-z.jpg\" align=\"center\" \/><br \/>\n&nbsp;<\/p>\n<p>&#8211; L&rsquo;Eveil du 7 ao\u00fbt : web<\/p>\n<p><a href=\"http:\/\/www.leveil.fr\/actualite\/Eboulement-dans-le-haut-Allier-la-mobilisation-s-intensifie-107197\">Eboulement dans le haut-Allier : la mobilisation s&rsquo;intensifie<\/a><br \/>\n&nbsp;<\/p>\n<p>&#8211; RFI du 7 ao\u00fbt : web et radio<\/p>\n<p><a href=\"http:\/\/www.rfi.fr\/emission\/20150807-revue-presse-france-russie-mistral-conge-parental-exil-fiscal\">Revue de Presse : Patience, patience&#8230;<\/a><br \/>\n&nbsp;<\/p>\n","protected":false},"excerpt":{"rendered":"<p>Un petit r\u00e9sum\u00e9 du happening se trouve avec une vid\u00e9o originale sur le site d&rsquo;Alleyras Capitale. Avec aussi<\/p>\n","protected":false},"author":1,"featured_media":0,"comment_status":"closed","ping_status":"open","sticky":false,"template":"","format":"standard","meta":{"footnotes":""},"categories":[5],"tags":[],"class_list":["post-234","post","type-post","status-publish","format-standard","hentry","category-ensemble"],"_links":{"self":[{"href":"https:\/\/usagers-transports.haut-allier.eu\/index.php\/wp-json\/wp\/v2\/posts\/234","targetHints":{"allow":["GET"]}}],"collection":[{"href":"https:\/\/usagers-transports.haut-allier.eu\/index.php\/wp-json\/wp\/v2\/posts"}],"about":[{"href":"https:\/\/usagers-transports.haut-allier.eu\/index.php\/wp-json\/wp\/v2\/types\/post"}],"author":[{"embeddable":true,"href":"https:\/\/usagers-transports.haut-allier.eu\/index.php\/wp-json\/wp\/v2\/users\/1"}],"replies":[{"embeddable":true,"href":"https:\/\/usagers-transports.haut-allier.eu\/index.php\/wp-json\/wp\/v2\/comments?post=234"}],"version-history":[{"count":0,"href":"https:\/\/usagers-transports.haut-allier.eu\/index.php\/wp-json\/wp\/v2\/posts\/234\/revisions"}],"wp:attachment":[{"href":"https:\/\/usagers-transports.haut-allier.eu\/index.php\/wp-json\/wp\/v2\/media?parent=234"}],"wp:term":[{"taxonomy":"category","embeddable":true,"href":"https:\/\/usagers-transports.haut-allier.eu\/index.php\/wp-json\/wp\/v2\/categories?post=234"},{"taxonomy":"post_tag","embeddable":true,"href":"https:\/\/usagers-transports.haut-allier.eu\/index.php\/wp-json\/wp\/v2\/tags?post=234"}],"curies":[{"name":"wp","href":"https:\/\/api.w.org\/{rel}","templated":true}]}}