{"id":235,"date":"2015-09-01T22:00:00","date_gmt":"2015-09-01T20:00:00","guid":{"rendered":"http:\/\/5.45.101.177\/haut-allier\/usagers-transportse\/index.php\/2015\/09\/01\/eboulement-d-alleyras-rd40-et235\/"},"modified":"2015-09-01T22:00:00","modified_gmt":"2015-09-01T20:00:00","slug":"eboulement-d-alleyras-rd40-et235","status":"publish","type":"post","link":"https:\/\/usagers-transports.haut-allier.eu\/index.php\/2015\/09\/01\/eboulement-d-alleyras-rd40-et235\/","title":{"rendered":"Eboulement d&rsquo;Alleyras RD40 et ligne du train C\u00e9venol : r\u00e9ouverture fin septembre ? [MAJ]"},"content":{"rendered":"<p><strong>[Article du 21 ao\u00fbt]<\/strong><br \/>\n&nbsp;<br \/>\nSans doute press\u00e9 par le succ\u00e8s de notre <a href=\"http:\/\/usagers-transports.haut-allier.eu\/?ligne-du-cevenol-rd40-le-happening,234\">happening<\/a>, selon nos sources (\u00e0 la SNCF, dans les collectivit\u00e9s), ce lundi 17 aout le pr\u00e9fet de Haute-Loire Denis Labb\u00e9 vient d\u2019ordonner au conseil d\u00e9partemental de Haute-Loire de dissocier l\u2019aspect juridique de l\u2019aspect travaux en ce qui concerne le traitement du dossier de l\u2019\u00e9boulement de rochers sur la route d\u00e9partementale 40 entre Pont d\u2019Alleyras et Saint-Privat d\u2019Allier.<br \/>\n&nbsp;<br \/>\nL\u2019espoir d\u2019obtenir un calendrier de travaux peut-\u00eatre avant fin ao\u00fbt rena\u00eet donc avec cette d\u00e9cision. Les rumeurs dans les \u00e9tablissements font \u00e9tat de travaux de d\u00e9blaiement d\u00e9but septembre et d\u2019une r\u00e9ouverture fin septembre au mieux.<br \/>\n&nbsp;<br \/>\nOn ne peut que regretter les altermoiements du d\u00e9partement de Haute-Loire, incapable, pour ses territoires recul\u00e9s, de prendre des d\u00e9cisions efficaces de son propre chef. Pendant ce temps des circulations de trains sont coup\u00e9es, des zones touristiques d\u00e9laiss\u00e9es. Pour s\u00fbr, de cette affaire comme d\u2019autres qui confirment leur abandon par le CD43, les habitants des gorges sauvages de l\u2019Allier se souviendront.<br \/>\n&nbsp;<br \/>\nIls leur prend \u00e0 r\u00eaver quelquefois de faire partie du d\u00e9partement voisin de la Loz\u00e8re, \u00e0 7 kilom\u00e8tres, autrement plus pr\u00e9occup\u00e9 de ses administr\u00e9s.<br \/>\n&nbsp;<br \/>\n<img decoding=\"async\" src=\"IMG\/jpg\/usagers-transports-haut-allier-eu-20aout2015-eboulement-prefet.jpg\" alt=\"usagers-transports-haut-allier-eu-20aout2015-eboulement-prefet.jpg\" align=\"center\" \/><br \/>\n&nbsp;<\/p>\n<p><strong>[Mise \u00e0 jour du 25 aout 23h00]<\/strong><br \/>\n&nbsp;<\/p>\n<p><em>Dans la presse :<\/em><br \/>\n&nbsp;<br \/>\n&#8211; Zoom d&rsquo;ici 43 :  <a href=\"http:\/\/www.zoomdici.fr\/actualite\/Alleyras-les-travaux-de-deblaiement-imminents-id146007.html#\">Alleyras &#8211; les travaux de d\u00e9blaiement imminents<\/a><br \/>\n&nbsp;<\/p>\n<p><strong>[Mise \u00e0 jour du 28 aout 8h00]<\/strong><br \/>\n&nbsp;<br \/>\n&#8211; Le Progr\u00e8s Haute Loire et r\u00e9gion du 28 aout :  <strong>Nous apprenons dans cette br\u00e8ve que la SNCF vient, \u00e7a l&rsquo;arrange, de reporter la r\u00e9ouverture de la ligne du C\u00e9venol \u00e0 d\u00e9but d\u00e9cembre&#8230; Information contradictoire avec celles que nous d\u00e9tenons mais qui est bien le reflet de la volont\u00e9 de la direction SNCF de profiter un maximum de l&rsquo;avarie. Sans doute pour r\u00e9am\u00e9nager ses trains brinquebalants, ses gares abandonn\u00e9es, et ses voies entretenues \u00e0 minima sous la pression des r\u00e9gions&#8230;<\/strong>.<br \/>\n&nbsp;<br \/>\n<img decoding=\"async\" src=\"IMG\/jpg\/progres-alleyras-sncf.jpg\" alt=\"progres-alleyras-sncf.jpg\" align=\"center\" \/><br \/>\n&nbsp;<\/p>\n<p><strong>[Mise \u00e0 jour du 1er septembre 22h00]<\/strong><br \/>\n&nbsp;<\/p>\n<p>&#8211; L&rsquo;Eveil (?) de Haute Loire nous apprend (?) que :<br \/>\n&nbsp;<br \/>\n<em>\u00a0\u00bb Depuis les deux e\u0301boulements rocheux intervenus successivement le 23 mars et le 26 avril, la route de\u0301partementale 40 puis la ligne ferroviaire du Ce\u0301venol ont e\u0301te\u0301 coupe\u0301es au niveau de la commune d\u2019Alleyras, ge\u0301ne\u0301rant de forts de\u0301sagre\u0301ments pour les usagers. Face a\u0300 la ne\u0301cessite\u0301 de re\u0301tablir la continuite\u0301 de ces voies de communication et malgre\u0301 la grande complexite\u0301 juridique et technique de l\u2019ope\u0301ration, le De\u0301partement de la Haute-Loire, SNCF Re\u0301seau, gestionnaires des deux re\u0301seaux, WWF, proprie\u0301taire de certains des terrains concerne\u0301s ainsi que l\u2019E\u0301tat et la commune d\u2019Alleyras, autorite\u0301s de police, ont trouve\u0301 un accord permettant de de\u0301buter les travaux de de\u0301blaiement. Cet accord se traduit par la conclusion d\u2019une convention de groupement de commande, qui permettra un de\u0301marrage rapide des travaux dont l&rsquo;e\u0301che\u0301ancier sera communiqu\u00e9 ult\u00e9rieurement. \u00ab\u00a0<\/em><br \/>\n&nbsp;<br \/>\nAutrement dit, rien de neuf.<\/p>\n","protected":false},"excerpt":{"rendered":"<p>[Article du 21 ao\u00fbt] &nbsp; Sans doute press\u00e9 par le succ\u00e8s de notre happening, selon nos sources (\u00e0<\/p>\n","protected":false},"author":1,"featured_media":0,"comment_status":"closed","ping_status":"open","sticky":false,"template":"","format":"standard","meta":{"footnotes":""},"categories":[3],"tags":[],"class_list":["post-235","post","type-post","status-publish","format-standard","hentry","category-en-train"],"_links":{"self":[{"href":"https:\/\/usagers-transports.haut-allier.eu\/index.php\/wp-json\/wp\/v2\/posts\/235","targetHints":{"allow":["GET"]}}],"collection":[{"href":"https:\/\/usagers-transports.haut-allier.eu\/index.php\/wp-json\/wp\/v2\/posts"}],"about":[{"href":"https:\/\/usagers-transports.haut-allier.eu\/index.php\/wp-json\/wp\/v2\/types\/post"}],"author":[{"embeddable":true,"href":"https:\/\/usagers-transports.haut-allier.eu\/index.php\/wp-json\/wp\/v2\/users\/1"}],"replies":[{"embeddable":true,"href":"https:\/\/usagers-transports.haut-allier.eu\/index.php\/wp-json\/wp\/v2\/comments?post=235"}],"version-history":[{"count":0,"href":"https:\/\/usagers-transports.haut-allier.eu\/index.php\/wp-json\/wp\/v2\/posts\/235\/revisions"}],"wp:attachment":[{"href":"https:\/\/usagers-transports.haut-allier.eu\/index.php\/wp-json\/wp\/v2\/media?parent=235"}],"wp:term":[{"taxonomy":"category","embeddable":true,"href":"https:\/\/usagers-transports.haut-allier.eu\/index.php\/wp-json\/wp\/v2\/categories?post=235"},{"taxonomy":"post_tag","embeddable":true,"href":"https:\/\/usagers-transports.haut-allier.eu\/index.php\/wp-json\/wp\/v2\/tags?post=235"}],"curies":[{"name":"wp","href":"https:\/\/api.w.org\/{rel}","templated":true}]}}