{"id":236,"date":"2015-08-28T06:36:09","date_gmt":"2015-08-28T04:36:09","guid":{"rendered":"http:\/\/5.45.101.177\/haut-allier\/usagers-transportse\/index.php\/2015\/08\/28\/lignes-sncf-du-massif-central-et236\/"},"modified":"2015-08-28T06:36:09","modified_gmt":"2015-08-28T04:36:09","slug":"lignes-sncf-du-massif-central-et236","status":"publish","type":"post","link":"https:\/\/usagers-transports.haut-allier.eu\/index.php\/2015\/08\/28\/lignes-sncf-du-massif-central-et236\/","title":{"rendered":"Lignes SNCF du massif central et train c\u00e9venol : les cheminots oubli\u00e9s"},"content":{"rendered":"<p>Dat\u00e9e de 1996 cette superbe vid\u00e9o vient d&rsquo;\u00eatre publi\u00e9e sur Dailymotion. Elle raconte la frustration des employ\u00e9s SNCF du massif central face aux d\u00e9cisions de sabordage du r\u00e9seau ferroviaire de montagne de la part de leurs directions parisiennes successives.<br \/>\n&nbsp;<br \/>\n<iframe loading=\"lazy\" frameborder=\"0\" width=\"480\" height=\"270\" src=\"\/\/www.dailymotion.com\/embed\/video\/x339o0z\" allowfullscreen><\/iframe><br \/><a href=\"http:\/\/www.dailymotion.com\/video\/x339o0z_les-cheminots-oublies-1996-documentaire-sur-le-cevenol-hq_travel\" target=\"_blank\">Les cheminots oubli&eacute;s (1996) &#8211; documentaire sur&#8230;<\/a> <i>par <a href=\"http:\/\/www.dailymotion.com\/huikamlung\" target=\"_blank\">huikamlung<\/a><\/i><br \/>\n&nbsp;<\/p>\n","protected":false},"excerpt":{"rendered":"<p>Dat\u00e9e de 1996 cette superbe vid\u00e9o vient d&rsquo;\u00eatre publi\u00e9e sur Dailymotion. Elle raconte la frustration des employ\u00e9s SNCF<\/p>\n","protected":false},"author":1,"featured_media":0,"comment_status":"closed","ping_status":"open","sticky":false,"template":"","format":"standard","meta":{"footnotes":""},"categories":[3],"tags":[],"class_list":["post-236","post","type-post","status-publish","format-standard","hentry","category-en-train"],"_links":{"self":[{"href":"https:\/\/usagers-transports.haut-allier.eu\/index.php\/wp-json\/wp\/v2\/posts\/236","targetHints":{"allow":["GET"]}}],"collection":[{"href":"https:\/\/usagers-transports.haut-allier.eu\/index.php\/wp-json\/wp\/v2\/posts"}],"about":[{"href":"https:\/\/usagers-transports.haut-allier.eu\/index.php\/wp-json\/wp\/v2\/types\/post"}],"author":[{"embeddable":true,"href":"https:\/\/usagers-transports.haut-allier.eu\/index.php\/wp-json\/wp\/v2\/users\/1"}],"replies":[{"embeddable":true,"href":"https:\/\/usagers-transports.haut-allier.eu\/index.php\/wp-json\/wp\/v2\/comments?post=236"}],"version-history":[{"count":0,"href":"https:\/\/usagers-transports.haut-allier.eu\/index.php\/wp-json\/wp\/v2\/posts\/236\/revisions"}],"wp:attachment":[{"href":"https:\/\/usagers-transports.haut-allier.eu\/index.php\/wp-json\/wp\/v2\/media?parent=236"}],"wp:term":[{"taxonomy":"category","embeddable":true,"href":"https:\/\/usagers-transports.haut-allier.eu\/index.php\/wp-json\/wp\/v2\/categories?post=236"},{"taxonomy":"post_tag","embeddable":true,"href":"https:\/\/usagers-transports.haut-allier.eu\/index.php\/wp-json\/wp\/v2\/tags?post=236"}],"curies":[{"name":"wp","href":"https:\/\/api.w.org\/{rel}","templated":true}]}}